{"id":937,"date":"2025-04-22T16:20:54","date_gmt":"2025-04-22T13:20:54","guid":{"rendered":"https:\/\/www.edremittarihi.com\/?p=937"},"modified":"2025-05-04T15:28:06","modified_gmt":"2025-05-04T12:28:06","slug":"sehit-kaymakam-koprulu-hamdi-bey","status":"publish","type":"post","link":"https:\/\/www.edremittarihi.com\/index.php\/2025\/04\/22\/sehit-kaymakam-koprulu-hamdi-bey\/","title":{"rendered":"\u015eehit Kaymakam K\u00f6pr\u00fcl\u00fc Hamdi Bey"},"content":{"rendered":"\n<p>Hamdi Bey 1888 y\u0131l\u0131nda Makedonya&#8217;da K\u00f6pr\u00fcl\u00fc kasabas\u0131nda do\u011fdu. Onun i\u00e7in K\u00f6pr\u00fcl\u00fc&#8217;l\u00fc Hamdi Bey olarak an\u0131lmaktad\u0131r. Babas\u0131 Kola\u011fas\u0131 \u0130brahim Bey&#8217;di. K\u00fc\u00e7\u00fck ya\u015fta yetim kald\u0131\u011f\u0131ndan, day\u0131s\u0131 Celalettin Bey taraf\u0131ndan yeti\u015ftirilmi\u015ftir. \u0130lk\u00f6\u011frenimini K\u00f6pr\u00fcl\u00fc&#8217;l\u00fc kasabas\u0131nda, orta \u00f6\u011frenimini \u00dcsk\u00fcp \u0130dadisi&#8217;nde yapt\u0131. Onun bu y\u0131llar\u0131 Sultan Abd\u00fclhamit in \u0130stibdat Devri diye adland\u0131r\u0131lan saltanat y\u0131llar\u0131na rastlamaktad\u0131r. Devrin olaylar\u0131, yeti\u015fti\u011fi \u00e7evre ku\u015fkusuz onun \u00fczerinde etki yapm\u0131\u015ft\u0131r.<br><br>Hamdi Bey orta \u00f6\u011frenimini \u00dcsk\u00fcp&#8217;te tamamlad\u0131ktan sonra y\u00fcksek \u00f6\u011frenim yapmak \u00fczere \u0130stanbul&#8217;a gitti ve M\u00fclkiye Okulu&#8217;na (Bug\u00fcnk\u00fc Siyasal Bilgiler Fak\u00fcltesi) girdi. Bu okuldayken \u00f6nemli olaylara tan\u0131k oldu. Bu olaylar\u0131n en \u00f6nemlisi Me\u015frutiyet&#8217;in yeniden ilan\u0131d\u0131r. Hamdi Bey bu s\u0131rada yirmi, yirmibir ya\u015flar\u0131nda heyecanl\u0131, ate\u015fli bir y\u00fcksekokul \u00f6\u011frencisi idi.<br><br>Hamdi Bey yirmi d\u00f6rt ya\u015flar\u0131nda M\u00fclkiye \u00f6\u011frenimini bitirdi. Mezuniyetini takiben T\u00fcrkiye&#8217;de ilk defa a\u00e7\u0131lar\u0131 \u0130htiyat Zabit Mektebi (Yedek Subay Okulu) ne girdi ve 1911 y\u0131l\u0131nda Ast te\u011fmen olarak diploma ald\u0131.<br><br>Hamdi Bey memurluk ya\u015fam\u0131na Kosova da Maiyyet Memurlu\u011fu g\u00f6revi ile ba\u015flad\u0131. 1912 y\u0131l\u0131nda patlak veren Balkan Sava\u015f\u0131na kadar bu g\u00f6revde kald\u0131. Balkan Sava\u015f\u0131 s\u0131ras\u0131nda Yedek Subay olarak orduya kat\u0131l\u0131p sava\u015f sonuna kadar askerlik g\u00f6revini yerine getirdi. Kaz\u0131m \u00d6zalp kendisinden&nbsp;\u201c\u00f6nceleri bir d\u00fc\u015f\u00fcnce adam\u0131 olan, okumay\u0131 seven, \u015fiir yazan ya\u011fl\u0131 boya, kara kalem resim yapan, ud, keman, tambur \u00e7alan, \u015f\u0131k ve temiz giyinen her g\u00fcn t\u0131ra\u015f olmay\u0131 ihmal etmeyen titiz Maiyyet Memurundan g\u00f6z\u00fcn\u00fc budaktan sak\u0131nmayan \u00e7etin bir sava\u015f\u00e7\u0131, yaman bir kavga adam\u0131 ortaya \u00e7\u0131km\u0131\u015ft\u0131,\u201d&nbsp;\u015feklinde s\u00f6z etmektedir.<br><br>Hamdi Bey Edirne&#8217;nin d\u00fc\u015fmanlardan geri al\u0131nmas\u0131ndan sonra Edirne Polis M\u00fcd\u00fcrl\u00fc\u011f\u00fc \u0130dari B\u00f6l\u00fcm Ba\u015fkanl\u0131\u011f\u0131na getirildi. Birka\u00e7 ay sonra da Demirk\u00f6y \u0130l\u00e7esi Kaymakaml\u0131\u011f\u0131&#8217;na atand\u0131.<br><br>1914 y\u0131l\u0131nda Birinci D\u00fcnya Sava\u015f\u0131 \u00e7\u0131kt\u0131\u011f\u0131 s\u0131rada Hamdi Bey Demirk\u00f6y Kaymakaml\u0131\u011f\u0131 g\u00f6revinde bulunuyordu. Kaymakam oldu\u011fu i\u00e7in sava\u015fa kat\u0131lmad\u0131. 1915 y\u0131l\u0131nda Malkara Kaymakaml\u0131\u011f\u0131. 1916 y\u0131l\u0131nda da Ke\u015fan Kaymakaml\u0131\u011f\u0131 g\u00f6revine getirildi. 1916 Mart\u0131ndan Temmuzuna kadar burada g\u00f6rev yapm\u0131\u015f, daha sonra Bal\u0131kesir&#8217;in S\u0131nd\u0131rg\u0131 \u0130l\u00e7esi Kaymakaml\u0131\u011f\u0131&#8217;na atanm\u0131\u015f, oradan da 13 Temmuz 1917&#8217;de Edremit Kaymakaml\u0131\u011f\u0131&#8217;na nakledilmi\u015ftir.<br><br>Hamdi Bey Edremit Kaymakaml\u0131\u011f\u0131 g\u00f6revinde iken kasaba ileri gelenlerinin ve \u00f6\u011fretmenlerinin yard\u0131mlar\u0131yla Edremit Dar\u00fcl- Eytam\u0131 (Edremit Yetimler Yurdu)n\u0131 kurdu. Kaymakaml\u0131ktan ayr\u0131ld\u0131\u011f\u0131 zaman burada 105 \u015fehit \u00e7ocu\u011fu bar\u0131n\u0131yordu. Ayr\u0131ca Dar\u00fcl- Eytam&#8217;\u0131n bir odas\u0131nda Edremit \u0130dman Yurdunu kurdu. (25 Nisan 1918) \u0130dman Yurdu daha sonra Gen\u00e7lik Kul\u00fcb\u00fc ad\u0131yla \u00e7al\u0131\u015fmalar\u0131n\u0131 s\u00fcrd\u00fcrm\u00fc\u015ft\u00fcr.<br><br>Hamdi Beyi yak\u0131ndan tan\u0131yan Ruhi Naci Sa\u011fd\u0131\u00e7&#8217;\u0131n anlatt\u0131klar\u0131na g\u00f6re, hen\u00fcz 29 ya\u015f\u0131ndaki gen\u00e7 kaymakam Dar\u00fcl- Eytam ve \u0130dman Yurdundan ba\u015fka bir bas\u0131mevi kurulmas\u0131na. Bir gazete \u00e7\u0131kar\u0131lmas\u0131na \u00f6nc\u00fcl\u00fck etmi\u015f. Kasabaya elektrik getirtmek i\u00e7in et\u00fctler yapt\u0131rm\u0131\u015f, kasaban\u0131n imar plan\u0131n\u0131 \u00e7izdirmi\u015f, kanalizasyon i\u015fini ba\u015flatm\u0131\u015ft\u0131r.<\/p>\n\n\n\n<p>Hamdi Bey iki y\u0131l Edremit Kaymakaml\u0131\u011f\u0131 yapt\u0131ktan sonra 9 Nisan 1919 tarihinde Damat Ferit taraf\u0131ndan azledilmi\u015ftir. Azlini m\u00fcteakip bir s\u00fcre Ayval\u0131k&#8217;ta Ali \u00c7etinkaya\u2019n\u0131n yan\u0131nda, bir s\u00fcre de Burhaniye&#8217;de kalm\u0131\u015f, daha sonra Bal\u0131kesir&#8217;de kurulmu\u015f olan M\u00fcdafaa-i Hukuk Cemiyeti&#8217;nde faaliyet g\u00f6stermi\u015ftir. Bu cemiyet ad\u0131na Biga ve Yenice b\u00f6lgelerinde \u00f6nemli \u00e7al\u0131\u015fmalara imza atm\u0131\u015ft\u0131r. Bunlardan Akba\u015f Cephaneli\u011fi bask\u0131n\u0131 B\u00fcy\u00fck \u00d6nder Mustafa Kemal\u2019in Nutkunda da anlat\u0131lmaktad\u0131r.<br><br>\u0130lk Yunan birliklerinin 15 May\u0131s 1919 tarihinde \u0130zmir\u2019i i\u015fgalinin yaratt\u0131\u011f\u0131 ortamda, 26 Temmuz 1919 tarihinde ba\u015flayan 1. Bal\u0131kesir Kongresi, 15 A\u011fustos 1919 tarihinde d\u00fczenlenen Ala\u015fehir Kongresi ve 19 Kas\u0131m 1919 tarihindeki 2. Bal\u0131kesir Kongrelerinde, Yunan i\u015fgaline kar\u015f\u0131 Ayval\u0131k, \u0130vrindi, Akhisar, Salihli, Soma, Ayd\u0131n ve \u00d6demi\u015f cephelerinin kurulmas\u0131 kararlar\u0131 al\u0131nm\u0131\u015ft\u0131. Ancak, hem Aznavur Ayaklanmas\u0131\u2019n\u0131n neden oldu\u011fu cephane sarfiyat\u0131 hem de bu cephelerin gereksinmelerinin kar\u015f\u0131lanmas\u0131 hayati bir ikmal sorunuydu.<br><br>Akba\u015f Cephaneli\u011fi\u2019ndeki malzemeye el konulmas\u0131 fikri b\u00f6yle bir ortamda, Bal\u0131kesir\u2019deki 61. Ordu komutan\u0131 Kaz\u0131m (\u00d6zalp) Bey\u2019in ve Heyet-i Merkeziye \u00fcyesi K\u00f6pr\u00fcl\u00fcl\u00fc Hamdi Bey taraf\u0131ndan g\u00fcndeme gelmi\u015ftir.<br><br>Akba\u015f Cephaneli\u011fi, Gelibolu Yar\u0131madas\u0131\u2019n\u0131n do\u011fusunda, ancak k\u00fc\u00e7\u00fck gemilerin demirlemesine uygun bir koyda bulunmaktad\u0131r. \u00c7anakkale Sava\u015flar\u0131 s\u0131ras\u0131nda Gelibolu Yar\u0131madas\u0131\u2019ndaki kuvvetlerin ikmal y\u00f6n\u00fcnden desteklenmesine elveri\u015fli bir koydur. Depo ve \u00e7evresi Senegallilerden olu\u015fan Frans\u0131z birlikleri taraf\u0131ndan s\u0131k\u0131 bir \u015fekilde korunmaktad\u0131r ve Gelibolu\u2019yla do\u011frudan telefon ba\u011flant\u0131s\u0131 vard\u0131r. \u0130ngiliz deniz \u00fcss\u00fc \u00c7anakkale ile Akba\u015f koyu ise denizden 20 dk.l\u0131k bir mesafededir ve k\u0131sa s\u00fcrede yard\u0131m g\u00f6rebilecek durumdad\u0131r. Ayr\u0131ca \u00c7anakkale Bo\u011faz\u0131\u2019nda devriye gezen \u0130ngiliz gemileri, bu s\u00fcreyi daha da k\u0131saltmakta, ayr\u0131ca bask\u0131nda ele ge\u00e7irilecek malzemenin Anadolu k\u0131y\u0131s\u0131na sevk\u0131yat\u0131n\u0131 riske sokmaktad\u0131r.<\/p>\n\n\n\n<p><strong>BASKIN HAZIRLIKLARI<\/strong><\/p>\n\n\n\n<p>K\u00f6pr\u00fcl\u00fc&#8217;l\u00fc Hamdi Bey, bask\u0131n \u00f6ncesinde gerekli incelemeleri yapmas\u0131 i\u00e7in Dramal\u0131 R\u0131za Bey\u2019i g\u00f6revlendirmi\u015ftir. R\u0131za Bey, yerel k\u00f6yl\u00fc k\u0131yafetleri ile b\u00f6lgede bir hafta kadar \u00e7al\u0131\u015fm\u0131\u015f, depodaki g\u00fcvenlik \u00f6nlemleri konusunda ko\u011fu\u015flar\u0131n yerleri, n\u00f6bet noktalar\u0131, n\u00f6bet de\u011fi\u015fim saatleri, mevcut asker ve subay say\u0131s\u0131n\u0131, telefon hatlar\u0131n\u0131, sahilde kay\u0131klar\u0131n yana\u015f\u0131p y\u00fckleme yapabilece\u011fi noktalar\u0131 kapsamak \u00fczere gerekli incelemeleri yapm\u0131\u015ft\u0131r.<br><br>Dramal\u0131 R\u0131za Bey\u2019in Biga\u2019ya d\u00f6nd\u00fc\u011f\u00fc g\u00fcn, K\u00f6pr\u00fcl\u00fc&#8217;l\u00fc Hamdi Bey ile bask\u0131n plan\u0131 olu\u015fturulmu\u015ftur. 18 Ocak 1920 tarihinde L\u00e2pseki\u2019ye adamlar\u0131yla birlikte gelen K\u00f6pr\u00fcl\u00fc&#8217;l\u00fc Hamdi Bey, M\u00fclkiye\u2019den arkada\u015f\u0131 olan Kaymakam Hasan Basri Bey\u2019le g\u00f6r\u00fc\u015f\u00fcp yard\u0131m\u0131n\u0131 istemi\u015f, b\u00f6ylece depodan ele ge\u00e7irilecek malzemenin nakliyesi i\u00e7in gerekli olan kay\u0131k ve motorlar sa\u011flanm\u0131\u015ft\u0131r. Dramal\u0131 R\u0131za Bey ise \u00e7evre k\u00f6ylerden, hem bask\u0131n hem de sevkiyat\u0131n h\u0131zl\u0131 bir \u015fekilde yap\u0131lmas\u0131n\u0131 sa\u011flamak i\u00e7in adam toplamaktad\u0131r.<br><br>Bask\u0131n haz\u0131rl\u0131klar\u0131 esasen hilelere dayanan karma\u015f\u0131k bir harekat plan\u0131na dayanmaktad\u0131r. Farkl\u0131 iki koldan hareket eden K\u00f6pr\u00fcl\u00fc&#8217;l\u00fc Hamdi Bey ve Dramal\u0131 R\u0131za Bey, y\u00f6redeki e\u015fk\u0131yan\u0131n takibi izlenimi olu\u015fturmu\u015flard\u0131r. Hatta K\u00f6pr\u00fcl\u00fc&#8217;l\u00fc Hamdi Bey\u2019in iki adam\u0131, asker ka\u00e7a\u011f\u0131 olarak yakalan\u0131p Gelibolu M\u00fcstahkem Mevki Komutanl\u0131\u011f\u0131na g\u00f6nderilmi\u015f, durumdan haberdar olan komutan Halit Bey de bu iki asker ka\u00e7a\u011f\u0131n\u0131 Akba\u015f Cephaneli\u011fi\u2019ne sevk etmi\u015ftir. Cephaneli\u011fe s\u0131zma y\u00f6n\u00fcnden ikinci bir hareket de K\u00f6pr\u00fcl\u00fc&#8217;l\u00fc Hamdi Bey\u2019in adamlar\u0131ndan olan Y\u00fczba\u015f\u0131 Davut Bey\u2019in, Akba\u015f\u2019taki T\u00fcrk Muhaf\u0131z Birli\u011fi komutan yard\u0131mc\u0131s\u0131 s\u00fcs\u00fc verilerek cephaneli\u011fe gitmesidir.<\/p>\n\n\n\n<p><strong>BASKIN<\/strong><\/p>\n\n\n\n<p>Bask\u0131n tarihi olarak 26 Ocak 1920 gecesi se\u00e7ilmi\u015ftir. Gecenin ileriki saatlerinde Dramal\u0131 R\u0131za Bey ve 30 kadar adam\u0131 Akba\u015f Cephaneli\u011fi garnizonunu basm\u0131\u015ft\u0131r. Senegal\u2019li s\u00f6m\u00fcrge askerleri, hi\u00e7 bir direni\u015f g\u00f6stermemi\u015flerdir. Anadolu k\u0131y\u0131s\u0131nda bekleyen vapurun \u00e7ekti\u011fi mavna ve kay\u0131klar Akba\u015f koyuna yana\u015fm\u0131\u015f ve malzeme y\u00fcklenmi\u015ftir. \u0130ngiliz devriye gemilerine yakalanmadan Anadolu k\u0131y\u0131s\u0131na ta\u015f\u0131nan malzeme bu kez kara \u00fczerinden i\u00e7 kesimlere sevk edilmi\u015ftir.<br><br>Esir al\u0131nan s\u00f6m\u00fcrge askerleri Akba\u015f garnizonuna geri g\u00f6nderilmi\u015ftir. K\u00f6pr\u00fcl\u00fc Hamdi Bey, \u0130ngiliz komutana bir mektup b\u0131rakm\u0131\u015f ve mektubunda garnizonu 200 ki\u015fiyle bast\u0131\u011f\u0131n\u0131, askerlerin direnme \u015fans\u0131 olmad\u0131\u011f\u0131n\u0131 belirtmi\u015ftir.<br><br>Hamdi Bey idarecilikte iyi bir isim yapm\u0131\u015ft\u0131. Bulundu\u011fu yerlerde otoritesini tan\u0131tmakla birlikte sevilmi\u015f, say\u0131lm\u0131\u015f, d\u00fcr\u00fcst, cesur ve at\u0131lgan olarak tan\u0131nm\u0131\u015ft\u0131. Ba\u015fard\u0131\u011f\u0131 i\u015flere bak\u0131ld\u0131\u011f\u0131 zaman g\u00f6revine ba\u011fl\u0131, resmi i\u015flerde disiplinli hareket etmeyi seven, \u00fcst\u00fcn cesaret sahibi bir ki\u015fi oldu\u011fu izlenimini vermektedir. Tehlikelerin \u00fczerine gitmekte hi\u00e7 teredd\u00fct etmedi\u011fi cesaretinin \u00e7o\u011fu kez onu ihtiyats\u0131zl\u0131k olarak nitelendirilebilecek hareketlerde bulunmaya sevk etti\u011fi g\u00f6r\u00fcl\u00fcr. Zamans\u0131z \u00f6l\u00fcm\u00fcne de b\u00f6yle bir hareketi sebep olmu\u015ftur. (34 ya\u015f\u0131nda)<\/p>\n\n\n\n<p><strong>HAMD\u0130 BEY&#8217;\u0130N \u015eEH\u0130T ED\u0130LMES\u0130<\/strong><\/p>\n\n\n\n<p>Hamdi Bey isyanc\u0131larla ba\u015fa \u00e7\u0131kamayaca\u011f\u0131n\u0131 ar\u0131lay\u0131nca at\u0131na atlay\u0131p Yenice nahiyesine gitmek i\u00e7in yola \u00e7\u0131kt\u0131. Onun as\u0131l amac\u0131 Yenice&#8217;de depo edilmi\u015f silah ve cephaneyi kurtarmakt\u0131. Yan\u0131ndaki arkada\u015f\u0131yla ayr\u0131ld\u0131\u011f\u0131nda kasabadan silah sesleri gelmekteydi. Hamdi Bey&#8217;in Biga&#8217;dan ayr\u0131l\u0131\u015f\u0131, yolculu\u011fu ve \u0130nova k\u00f6y\u00fcnde tutuklan\u0131p Biga&#8217;ya geri getirili\u015fi farkl\u0131 eserlerde de\u011fi\u015fik anlat\u0131lmaktad\u0131r.<br><br>Kaz\u0131m \u00d6zalp, Hamdi Bey&#8217;in Biga&#8217;dan ayr\u0131ld\u0131ktan sonra Kuvay\u0131 Milliyeci birka\u00e7 arkada\u015f\u0131 ile Yenice&#8217;ye giderken Anzavur Ahmet ve G\u00e2vur \u0130mam&#8217;\u0131n adamlar\u0131 taraf\u0131ndan tutulup yolda \u015fehit edildi\u011fini bildirmekte ise de ne tutukland\u0131\u011f\u0131 yeri s\u00f6ylemekte ne de yolculu\u011fu ve \u015fehit edilmesi le ilgili ayr\u0131nt\u0131l\u0131 bilgi vermektedir.<br><br>Bu konudaki eserlerde Hamdi Bey&#8217;in tutukland\u0131\u011f\u0131 s\u0131rada i\u00e7inde bulundu\u011fu binada ba\u015fka ba\u015fka tan\u0131t\u0131lm\u0131\u015ft\u0131r. \u0130smail Ayd\u0131n Ho\u015fg\u00f6r&#8217;e g\u00f6re tutuklanma k\u00f6y odas\u0131nda, Orhan \u0130lkkur\u015fun&#8217;a g\u00f6re camide, Genel Kurmay Bakanl\u0131\u011f\u0131 Harp Tarihi dairesinin yay\u0131nlad\u0131\u011f\u0131 T\u00fcrk \u0130stiklal Harbi&#8217;ne g\u00f6re okul binas\u0131nda yap\u0131lm\u0131\u015ft\u0131r.<br><br>Fakat b\u00fct\u00fcn eserler Hamdi Bey&#8217;in \u0130nova k\u00f6y\u00fcnde yakaland\u0131\u011f\u0131, konusunda birle\u015fmektedirler. Biga ile Yenice aras\u0131nda A\u015fa\u011f\u0131 \u0130nova ve Yukar\u0131 \u0130nova olmak \u00fczere iki \u0130nova k\u00f6y\u00fc vard\u0131r. Hamdi Bey Yukar\u0131 \u0130nova k\u00f6y\u00fcnde yakalanm\u0131\u015ft\u0131r.<br><br>Hamdi Bey \u0130nova k\u00f6y\u00fcnde Gavur \u0130mam&#8217;\u0131n \u00e7ete reislerinden Hac\u0131o\u011flu taraf\u0131ndan yakalan\u0131r. Binbir i\u015fkence ile Biga&#8217;ya getirilirken K\u0131rkge\u00e7it denilen yerde Hac\u0131o\u011flu taraf\u0131ndan \u00f6ld\u00fcr\u00fclm\u00fc\u015ft\u00fcr. Hamdi Bey&#8217;in \u00f6nce s\u00f6yledi\u011fi \u015fu s\u00f6zler \u00e7ok dikkat \u00e7ekicidir.&nbsp;&#8220;Kuvay\u0131 Milliye yaln\u0131z ben de\u011filim. Kuvay\u0131 Milliye b\u00fct\u00fcn milletindir. O \u00f6lmeyecektir.&#8221;&nbsp;Hamdi Bey&#8217;in cesedi bir araba ile il\u00e7eye getirilerek \u00e7ar\u015f\u0131 ve sokak aralar\u0131nda ayaklar\u0131ndan ipler tak\u0131larak s\u00fcr\u00fcklenir ve te\u015fhir edilir. ( 18 \u015eubat 1920)<br><br>Hamdi Bey&#8217;in cesedi be\u015f g\u00fcn sokak ortas\u0131nda kalm\u0131\u015ft\u0131r. Korkudan kimse sahip \u00e7\u0131kamam\u0131\u015ft\u0131r. Ancak Band\u0131rma&#8217;ya giden baz\u0131 ki\u015filerin \u015fikayeti \u00fczerine 14. Kolordu Komutan\u0131 Yusuf \u0130zzettin Pa\u015fa Biga&#8217;ya gelerek \u015fehitleri eski mezarl\u0131\u011fa g\u00f6md\u00fcrm\u00fc\u015ft\u00fcr.<\/p>\n\n\n\n<p>Kaynak \/ <strong>Edremit Kaymakaml\u0131\u011f\u0131<\/strong><\/p>\n","protected":false},"excerpt":{"rendered":"<p>Hamdi Bey 1888 y\u0131l\u0131nda Makedonya&#8217;da K\u00f6pr\u00fcl\u00fc kasabas\u0131nda do\u011fdu. Onun i\u00e7in K\u00f6pr\u00fcl\u00fc&#8217;l\u00fc Hamdi Bey olarak an\u0131lmaktad\u0131r. Babas\u0131 Kola\u011fas\u0131 \u0130brahim Bey&#8217;di. K\u00fc\u00e7\u00fck ya\u015fta yetim kald\u0131\u011f\u0131ndan, day\u0131s\u0131 Celalettin Bey taraf\u0131ndan yeti\u015ftirilmi\u015ftir. \u0130lk\u00f6\u011frenimini K\u00f6pr\u00fcl\u00fc&#8217;l\u00fc kasabas\u0131nda, orta \u00f6\u011frenimini \u00dcsk\u00fcp \u0130dadisi&#8217;nde yapt\u0131. Onun bu y\u0131llar\u0131 Sultan Abd\u00fclhamit in \u0130stibdat Devri diye adland\u0131r\u0131lan saltanat y\u0131llar\u0131na rastlamaktad\u0131r. Devrin olaylar\u0131, yeti\u015fti\u011fi \u00e7evre ku\u015fkusuz onun [&hellip;]<\/p>\n","protected":false},"author":1,"featured_media":939,"comment_status":"closed","ping_status":"closed","sticky":false,"template":"","format":"standard","meta":{"footnotes":""},"categories":[54],"tags":[37,38,45,67,68,72],"class_list":["post-937","post","type-post","status-publish","format-standard","has-post-thumbnail","hentry","category-tarihi-kahramanlar","tag-edremit","tag-sehit-hamdibey","tag-tarihi-kahramanlar","tag-edremit-belediyesi","tag-edremit-kaymakamligi","tag-edremit-tarihi"],"_links":{"self":[{"href":"https:\/\/www.edremittarihi.com\/index.php\/wp-json\/wp\/v2\/posts\/937","targetHints":{"allow":["GET"]}}],"collection":[{"href":"https:\/\/www.edremittarihi.com\/index.php\/wp-json\/wp\/v2\/posts"}],"about":[{"href":"https:\/\/www.edremittarihi.com\/index.php\/wp-json\/wp\/v2\/types\/post"}],"author":[{"embeddable":true,"href":"https:\/\/www.edremittarihi.com\/index.php\/wp-json\/wp\/v2\/users\/1"}],"replies":[{"embeddable":true,"href":"https:\/\/www.edremittarihi.com\/index.php\/wp-json\/wp\/v2\/comments?post=937"}],"version-history":[{"count":3,"href":"https:\/\/www.edremittarihi.com\/index.php\/wp-json\/wp\/v2\/posts\/937\/revisions"}],"predecessor-version":[{"id":1034,"href":"https:\/\/www.edremittarihi.com\/index.php\/wp-json\/wp\/v2\/posts\/937\/revisions\/1034"}],"wp:featuredmedia":[{"embeddable":true,"href":"https:\/\/www.edremittarihi.com\/index.php\/wp-json\/wp\/v2\/media\/939"}],"wp:attachment":[{"href":"https:\/\/www.edremittarihi.com\/index.php\/wp-json\/wp\/v2\/media?parent=937"}],"wp:term":[{"taxonomy":"category","embeddable":true,"href":"https:\/\/www.edremittarihi.com\/index.php\/wp-json\/wp\/v2\/categories?post=937"},{"taxonomy":"post_tag","embeddable":true,"href":"https:\/\/www.edremittarihi.com\/index.php\/wp-json\/wp\/v2\/tags?post=937"}],"curies":[{"name":"wp","href":"https:\/\/api.w.org\/{rel}","templated":true}]}}