{"id":739,"date":"2025-04-15T22:37:07","date_gmt":"2025-04-15T19:37:07","guid":{"rendered":"https:\/\/www.edremittarihi.com\/?p=739"},"modified":"2025-05-13T23:14:43","modified_gmt":"2025-05-13T20:14:43","slug":"ataturk-kultur-evi","status":"publish","type":"post","link":"https:\/\/www.edremittarihi.com\/index.php\/2025\/04\/15\/ataturk-kultur-evi\/","title":{"rendered":"Atat\u00fcrk K\u00fclt\u00fcr Evi"},"content":{"rendered":"\n<p><strong>Edremit Atat\u00fcrk K\u00fclt\u00fcr Evi olarak yeniden i\u015flevlendirilen tarihi yap\u0131 \u00d6zlem K\u00f6pr\u00fcl\u00fc Ba\u011fbanc\u0131 taraf\u0131ndan tasarland\u0131.<\/strong><br>&nbsp;<\/p>\n\n\n\n<p>\u00d6zlem K\u00f6pr\u00fcl\u00fc Ba\u011fbanc\u0131, anlat\u0131yor:<\/p>\n\n\n\n<p>\u201cEdremit Atat\u00fcrk K\u00fclt\u00fcr Evi\u201d olarak i\u015flevlendirilen yap\u0131 1934 y\u0131l\u0131nda Gazi Mustafa Kemal Atat\u00fcrk\u2019e ev sahipli\u011fi yapmas\u0131yla \u00f6nem kazanan bir yap\u0131d\u0131r. Kent belle\u011finde \u201cAtat\u00fcrk Evi\u201d olarak an\u0131lan, k\u00fclt\u00fcrel bir de\u011fer olarak korunmas\u0131 gerekli \u00f6nemli bir k\u00fclt\u00fcr varl\u0131\u011f\u0131, \u00f6zg\u00fcn bir mimari eserdir.&nbsp;<\/p>\n\n\n\n<p>\u00c7al\u0131\u015f\u0131lan yap\u0131; Edremit\u2019te 19.y\u00fczy\u0131l\u0131n ortas\u0131na de\u011fin uygulanan Bat\u0131 Anadolu konut gelene\u011fine ve gayrim\u00fcslim (Rum, Ermeni) konutu diye s\u0131n\u0131fland\u0131r\u0131lan y\u0131\u011fma ta\u015f konut gelene\u011fine benze\u015fim sergilemekten ziyade, plan \u015femas\u0131 olarak \u00f6rneklerine \u0130zmir\u2019de s\u0131k rastlan\u0131lan, \u0130zmir Konutu olarak bilinen \u201cLevanten Evleri\u201d ile paralellik ta\u015f\u0131makta; 20.y\u00fczy\u0131l\u0131n ilk \u00e7eyre\u011finin sonlar\u0131na tarihlenen Erken Cumhuriyet d\u00f6nemi kuleli konut gelene\u011fini yans\u0131tmaktad\u0131r.<\/p>\n\n\n\n<p>Yap\u0131, tarihinde iki \u00f6nemli yang\u0131n ge\u00e7irmi\u015ftir. \u0130lk yang\u0131n Atat\u00fcrk\u2019\u00fcn ziyaretinden 12 y\u0131l sonra 1946 y\u0131l\u0131nda meydana gelmi\u015ftir.&nbsp; Bu yang\u0131n \u00f6ncesine ait panoramik bir kent foto\u011fraf\u0131nda, yap\u0131n\u0131n kentin en y\u00fcksek yap\u0131lar\u0131ndan biri olarak kent siluetinde \u00f6nemli bir yere sahip oldu\u011fu g\u00f6r\u00fclmektedir. Bu yang\u0131nda yap\u0131n\u0131n \u00e7at\u0131 aras\u0131 ve kule g\u00f6r\u00fcn\u00fcml\u00fc k\u00fclahvari bir \u00e7at\u0131s\u0131 olan merdiven kovas\u0131 yok olmu\u015ftur. Yang\u0131n sonras\u0131 \u00e7at\u0131 aras\u0131 ve merdiven kovas\u0131 yap\u0131n\u0131n sahibi taraf\u0131ndan basit k\u0131rma \u00e7at\u0131 ile \u00f6rt\u00fclm\u00fc\u015ft\u00fcr.<\/p>\n\n\n\n<p>\u0130kinci yang\u0131n ise 1991 y\u0131l\u0131nda ya\u015fanm\u0131\u015ft\u0131r. Bu yang\u0131n sonucunda yap\u0131n\u0131n sadece kagir duvarlar\u0131 kalm\u0131\u015f; ah\u015fap elemanlar ve ah\u015fap \u00e7at\u0131s\u0131 tamamen yanm\u0131\u015ft\u0131r. Yap\u0131n\u0131n a\u00e7\u0131k hava ko\u015fullar\u0131na maruz kalmas\u0131 nedeniyle h\u0131zl\u0131 bir bozulma s\u00fcreci ya\u015fanm\u0131\u015f ve yap\u0131 kullan\u0131lamaz duruma gelmi\u015ftir.&nbsp;<\/p>\n\n\n\n<p>2006-2016 y\u0131llar\u0131 aras\u0131nda \u00f6zel m\u00fclkiyette bulunan yap\u0131; 2016 tarihinde kamula\u015ft\u0131r\u0131larak Edremit Belediyesi m\u00fclkiyetine ge\u00e7mi\u015ftir.<\/p>\n\n\n\n<p>Elde edilen veriler do\u011frultusunda yap\u0131n\u0131n ilk halinin belirlenmesi ve zaman i\u00e7inde ge\u00e7irmi\u015f oldu\u011fu m\u00fcdahalelerin d\u00f6nemlerini saptamak amac\u0131yla 1946 y\u0131l\u0131 yang\u0131n\u0131 \u00f6ncesi ve sonras\u0131na ait iki adet restit\u00fcsyon projesi haz\u0131rlanm\u0131\u015ft\u0131r.<\/p>\n\n\n\n<p>Yap\u0131ya ait restit\u00fcsyon projelerinin haz\u0131rlanmas\u0131nda 1946 yang\u0131n\u0131 \u00f6ncesine ait panoramik foto\u011fraf, yap\u0131n\u0131n sahibinin k\u0131z\u0131 Pakize Kutlu ile yap\u0131lan s\u00f6zl\u00fc g\u00f6r\u00fc\u015fmeler ve Edremit Belediyesi\u2019nin ar\u015fivinde bulunan foto\u011fraflar birincil kaynaklar olmu\u015ftur. Yap\u0131n\u0131n yanan be\u015fgen merdiven kovas\u0131n\u0131n mekana bir kule g\u00f6r\u00fcn\u00fcm\u00fc kazand\u0131ran dik k\u00fclahvari \u00e7at\u0131s\u0131 ve cumban\u0131n \u00fcst\u00fcnde yer alan dik be\u015fik \u00e7at\u0131l\u0131 bir \u00e7at\u0131 aras\u0131na ait 1946 y\u0131llar\u0131nda ge\u00e7irdi\u011fi yang\u0131n \u00f6ncesi d\u00f6nemden panoramik bir kent foto\u011fraf\u0131 d\u0131\u015f\u0131nda ne yaz\u0131k ki yeterli yaz\u0131l\u0131 ve g\u00f6rsel kaynak bulunamam\u0131\u015ft\u0131r. Bu foto\u011fraftan, y\u00fckseltilmi\u015f ah\u015fap makasl\u0131 bir \u00e7at\u0131 ile \u00f6rt\u00fcl\u00fc oldu\u011fu \u00f6ng\u00f6r\u00fclebilse de mevcut bilgilerle kesin bir sonuca varmak m\u00fcmk\u00fcn olmam\u0131\u015ft\u0131r.&nbsp; Yaz\u0131l\u0131 ve g\u00f6rsel kaynaklar\u0131n (kesin \u00f6l\u00e7\u00fcler, gabari, yap\u0131m tekni\u011fi, ayr\u0131nt\u0131lar, malzeme ve renk gibi) yeterince g\u00fcvenilir olmamas\u0131 ve yap\u0131n\u0131n sundu\u011fu bilgilerin k\u0131s\u0131tl\u0131l\u0131\u011f\u0131 gibi nedenlerden dolay\u0131 bu kata ait restit\u00fcsyon \u00e7izimi, haz\u0131rlanan koruma projesi i\u00e7in uygulamaya veri olu\u015fturamam\u0131\u015f; 1946 yang\u0131n\u0131 sonras\u0131 yap\u0131ya ait eski foto\u011fraflar, yap\u0131daki mevcut izler, mimari \u00f6\u011felerin varl\u0131\u011f\u0131, boyut ve detaylar\u0131n tespit edilebilmesi, \u00f6zg\u00fcn yap\u0131 malzemelerinin bilinirlik ve g\u00fcvenilirlik derecelerini sa\u011flam\u0131\u015f olmalar\u0131 nedeniyle 2. d\u00f6nem restit\u00fcsyon projesi, uygulamaya veri olu\u015fturmu\u015ftur.<\/p>\n\n\n\n<p>Yap\u0131n\u0131n hem yap\u0131sal de\u011ferlendirilmesi hem de \u201cAtat\u00fcrk K\u00fclt\u00fcr Evi\u201d olarak yeniden i\u015flevlendirilmesine y\u00f6nelik koruma projesi haz\u0131rlanm\u0131\u015ft\u0131r. Yap\u0131n\u0131n g\u00fc\u00e7lendirme projesine uygun olarak uygulamalar yap\u0131lm\u0131\u015ft\u0131r. T\u00fcm i\u00e7 duvarlar\u0131nda s\u0131va s\u00f6k\u00fcm\u00fc yap\u0131larak belirlenen laboratuvar sonu\u00e7lar\u0131na g\u00f6re belirlenen s\u0131va ve derz kar\u0131\u015f\u0131m oranlar\u0131na g\u00f6re uygulama yap\u0131lm\u0131\u015ft\u0131r. Kullan\u0131lan t\u00fcm ah\u015fap elemanlarda, f\u0131r\u0131nlanm\u0131\u015f ve dald\u0131rma y\u00f6ntemiyle emprenye edilmi\u015f olan ah\u015faplar kullan\u0131lm\u0131\u015ft\u0131r. Yap\u0131n\u0131n \u201cAtat\u00fcrk K\u00fclt\u00fcr Evi\u201d olarak i\u015flevlendirme projesine uygun olarak odalarda gerekli d\u00fczenlemeler yap\u0131larak d\u00f6nemine uygun mobilya ve aksesuarlar se\u00e7ilerek i\u00e7 dekorasyonu tamamlanm\u0131\u015ft\u0131r.<\/p>\n\n\n\n<p>Kaynak \/ <strong><em>Edremit Belediyesi<\/em><\/strong><\/p>\n\n\n\n<hr class=\"wp-block-separator has-alpha-channel-opacity\"\/>\n\n\n\n<p><strong><em>Ula\u015f\u0131m i\u00e7in a\u015fa\u011f\u0131daki haritadan faydalanabilirsiniz.<\/em><\/strong><\/p>\n\n\n\n<div class=\"wp-block-webfactory-map\"><div class=\"wp-block-webfactory-map\"><iframe src=\"https:\/\/www.google.com\/maps\/embed?pb=!1m18!1m12!1m3!1d3074.3572276379673!2d27.021696375440804!3d39.59663460514552!2m3!1f0!2f0!3f0!3m2!1i1024!2i768!4f13.1!3m3!1m2!1s0x14b0c9534ba4dd77%3A0x4be388bb2c63783e!2sAtat%C3%BCrk%20evi!5e0!3m2!1str!2str!4v1746362868239!5m2!1str!2str\" width=\"600\" height=\"450\" style=\"border:0;\" allowfullscreen=\"\" loading=\"lazy\" referrerpolicy=\"no-referrer-when-downgrade\"><\/iframe><\/div><\/div>\n","protected":false},"excerpt":{"rendered":"<p>Edremit Atat\u00fcrk K\u00fclt\u00fcr Evi olarak yeniden i\u015flevlendirilen tarihi yap\u0131 \u00d6zlem K\u00f6pr\u00fcl\u00fc Ba\u011fbanc\u0131 taraf\u0131ndan tasarland\u0131.&nbsp; \u00d6zlem K\u00f6pr\u00fcl\u00fc Ba\u011fbanc\u0131, anlat\u0131yor: \u201cEdremit Atat\u00fcrk K\u00fclt\u00fcr Evi\u201d olarak i\u015flevlendirilen yap\u0131 1934 y\u0131l\u0131nda Gazi Mustafa Kemal Atat\u00fcrk\u2019e ev sahipli\u011fi yapmas\u0131yla \u00f6nem kazanan bir yap\u0131d\u0131r. Kent belle\u011finde \u201cAtat\u00fcrk Evi\u201d olarak an\u0131lan, k\u00fclt\u00fcrel bir de\u011fer olarak korunmas\u0131 gerekli \u00f6nemli bir k\u00fclt\u00fcr varl\u0131\u011f\u0131, \u00f6zg\u00fcn [&hellip;]<\/p>\n","protected":false},"author":1,"featured_media":1029,"comment_status":"closed","ping_status":"closed","sticky":false,"template":"","format":"standard","meta":{"footnotes":""},"categories":[61],"tags":[37,65,67,72,87],"class_list":["post-739","post","type-post","status-publish","format-standard","has-post-thumbnail","hentry","category-muzeler-ve-oren-yerleri","tag-edremit","tag-muzeler-oren-yerleri","tag-edremit-belediyesi","tag-edremit-tarihi","tag-ataturk-kultur-evi"],"_links":{"self":[{"href":"https:\/\/www.edremittarihi.com\/index.php\/wp-json\/wp\/v2\/posts\/739","targetHints":{"allow":["GET"]}}],"collection":[{"href":"https:\/\/www.edremittarihi.com\/index.php\/wp-json\/wp\/v2\/posts"}],"about":[{"href":"https:\/\/www.edremittarihi.com\/index.php\/wp-json\/wp\/v2\/types\/post"}],"author":[{"embeddable":true,"href":"https:\/\/www.edremittarihi.com\/index.php\/wp-json\/wp\/v2\/users\/1"}],"replies":[{"embeddable":true,"href":"https:\/\/www.edremittarihi.com\/index.php\/wp-json\/wp\/v2\/comments?post=739"}],"version-history":[{"count":6,"href":"https:\/\/www.edremittarihi.com\/index.php\/wp-json\/wp\/v2\/posts\/739\/revisions"}],"predecessor-version":[{"id":1247,"href":"https:\/\/www.edremittarihi.com\/index.php\/wp-json\/wp\/v2\/posts\/739\/revisions\/1247"}],"wp:featuredmedia":[{"embeddable":true,"href":"https:\/\/www.edremittarihi.com\/index.php\/wp-json\/wp\/v2\/media\/1029"}],"wp:attachment":[{"href":"https:\/\/www.edremittarihi.com\/index.php\/wp-json\/wp\/v2\/media?parent=739"}],"wp:term":[{"taxonomy":"category","embeddable":true,"href":"https:\/\/www.edremittarihi.com\/index.php\/wp-json\/wp\/v2\/categories?post=739"},{"taxonomy":"post_tag","embeddable":true,"href":"https:\/\/www.edremittarihi.com\/index.php\/wp-json\/wp\/v2\/tags?post=739"}],"curies":[{"name":"wp","href":"https:\/\/api.w.org\/{rel}","templated":true}]}}