{"id":251,"date":"2025-04-26T10:12:50","date_gmt":"2025-04-26T07:12:50","guid":{"rendered":"https:\/\/safirdemo.com\/atolye\/?p=251"},"modified":"2025-05-04T15:27:16","modified_gmt":"2025-05-04T12:27:16","slug":"ali-ekber-cicek","status":"publish","type":"post","link":"https:\/\/www.edremittarihi.com\/index.php\/2025\/04\/26\/ali-ekber-cicek\/","title":{"rendered":"Ali Ekber \u00c7\u0130\u00c7EK"},"content":{"rendered":"\n<p>Edremit Belediyesi , aram\u0131zdan ayr\u0131l\u0131\u015f\u0131n\u0131n 19. y\u0131l d\u00f6n\u00fcm\u00fcnde b\u00fcy\u00fck Halk Ozan\u0131m\u0131z Ali Ekber \u00c7i\u00e7ek an\u0131s\u0131na 26 Nisan Cumartesi g\u00fcn\u00fc anma program\u0131 d\u00fczenledi.<\/p>\n\n\n\n<p>Edremit Belediye Ba\u015fkan\u0131 sn. Mehmet Erta\u015f sosyal medya hesab\u0131ndan a\u015fa\u011f\u0131daki a\u00e7\u0131klamay\u0131 yapt\u0131;<br>Saz\u0131yla, s\u00f6z\u00fcyle y\u00fcre\u011fimize dokunan; g\u00f6nl\u00fcm\u00fczde taht kuran sanat\u00e7\u0131m\u0131z Ali Ekber \u00c7i\u00e7ek\u2019i, aram\u0131zdan ayr\u0131l\u0131\u015f\u0131n\u0131n 19. y\u0131l d\u00f6n\u00fcm\u00fcnde Tahtaku\u015flar Mahallesi&#8217;nde mezar\u0131 ba\u015f\u0131nda d\u00fczenledi\u011fimiz t\u00f6renle and\u0131k. B\u00fcy\u00fck \u00fcstad\u0131n k\u0131z\u0131 Ebru \u00c7i\u00e7ek ve sevenleriyle birlikte T\u00fcrk Halk m\u00fczi\u011fine b\u0131rakt\u0131\u011f\u0131 unutulmaz eserler e\u015fli\u011finde ustaya selam g\u00f6nderdik, mezar\u0131n\u0131 \u00e7i\u00e7eklerle donatt\u0131k. T\u00f6renin ard\u0131ndan \u00c7i\u00e7ek&#8217;in an\u0131s\u0131na Tahtaku\u015flar k\u00f6y meydan\u0131nda hay\u0131r yeme\u011finde kom\u015fular\u0131m\u0131zla bulu\u015ftuk.<\/p>\n\n\n\n<p>Eme\u011fi ge\u00e7en herkese te\u015fekk\u00fcr ediyor, b\u00fcy\u00fck halk ozan\u0131m\u0131z Ali Ekber \u00c7i\u00e7ek&#8217;i bir kez daha sayg\u0131yla an\u0131yorum.<\/p>\n\n\n\n<figure class=\"wp-block-image size-full\"><img loading=\"lazy\" decoding=\"async\" width=\"512\" height=\"640\" src=\"https:\/\/www.edremittarihi.com\/wp-content\/uploads\/2023\/06\/anmaprogrami.webp\" alt=\"\" class=\"wp-image-1109\" srcset=\"https:\/\/www.edremittarihi.com\/wp-content\/uploads\/2023\/06\/anmaprogrami.webp 512w, https:\/\/www.edremittarihi.com\/wp-content\/uploads\/2023\/06\/anmaprogrami-240x300.webp 240w\" sizes=\"auto, (max-width: 512px) 100vw, 512px\" \/><\/figure>\n\n\n\n<p>Kaynak \/ <strong><em>Edremit Belediyesi<\/em><\/strong><\/p>\n\n\n\n<p><\/p>\n","protected":false},"excerpt":{"rendered":"<p>Edremit Belediyesi , aram\u0131zdan ayr\u0131l\u0131\u015f\u0131n\u0131n 19. y\u0131l d\u00f6n\u00fcm\u00fcnde b\u00fcy\u00fck Halk Ozan\u0131m\u0131z Ali Ekber \u00c7i\u00e7ek an\u0131s\u0131na 26 Nisan Cumartesi g\u00fcn\u00fc anma program\u0131 d\u00fczenledi. Edremit Belediye Ba\u015fkan\u0131 sn. Mehmet Erta\u015f sosyal medya hesab\u0131ndan a\u015fa\u011f\u0131daki a\u00e7\u0131klamay\u0131 yapt\u0131;Saz\u0131yla, s\u00f6z\u00fcyle y\u00fcre\u011fimize dokunan; g\u00f6nl\u00fcm\u00fczde taht kuran sanat\u00e7\u0131m\u0131z Ali Ekber \u00c7i\u00e7ek\u2019i, aram\u0131zdan ayr\u0131l\u0131\u015f\u0131n\u0131n 19. y\u0131l d\u00f6n\u00fcm\u00fcnde Tahtaku\u015flar Mahallesi&#8217;nde mezar\u0131 ba\u015f\u0131nda d\u00fczenledi\u011fimiz t\u00f6renle [&hellip;]<\/p>\n","protected":false},"author":1,"featured_media":1106,"comment_status":"open","ping_status":"open","sticky":false,"template":"","format":"standard","meta":{"footnotes":""},"categories":[1],"tags":[37,40,46,67,74],"class_list":["post-251","post","type-post","status-publish","format-standard","has-post-thumbnail","hentry","category-duyurular","tag-edremit","tag-kultur-sanat","tag-etkinlik-ve-duyurular","tag-edremit-belediyesi","tag-ali-ekber-cicek"],"_links":{"self":[{"href":"https:\/\/www.edremittarihi.com\/index.php\/wp-json\/wp\/v2\/posts\/251","targetHints":{"allow":["GET"]}}],"collection":[{"href":"https:\/\/www.edremittarihi.com\/index.php\/wp-json\/wp\/v2\/posts"}],"about":[{"href":"https:\/\/www.edremittarihi.com\/index.php\/wp-json\/wp\/v2\/types\/post"}],"author":[{"embeddable":true,"href":"https:\/\/www.edremittarihi.com\/index.php\/wp-json\/wp\/v2\/users\/1"}],"replies":[{"embeddable":true,"href":"https:\/\/www.edremittarihi.com\/index.php\/wp-json\/wp\/v2\/comments?post=251"}],"version-history":[{"count":4,"href":"https:\/\/www.edremittarihi.com\/index.php\/wp-json\/wp\/v2\/posts\/251\/revisions"}],"predecessor-version":[{"id":1112,"href":"https:\/\/www.edremittarihi.com\/index.php\/wp-json\/wp\/v2\/posts\/251\/revisions\/1112"}],"wp:featuredmedia":[{"embeddable":true,"href":"https:\/\/www.edremittarihi.com\/index.php\/wp-json\/wp\/v2\/media\/1106"}],"wp:attachment":[{"href":"https:\/\/www.edremittarihi.com\/index.php\/wp-json\/wp\/v2\/media?parent=251"}],"wp:term":[{"taxonomy":"category","embeddable":true,"href":"https:\/\/www.edremittarihi.com\/index.php\/wp-json\/wp\/v2\/categories?post=251"},{"taxonomy":"post_tag","embeddable":true,"href":"https:\/\/www.edremittarihi.com\/index.php\/wp-json\/wp\/v2\/tags?post=251"}],"curies":[{"name":"wp","href":"https:\/\/api.w.org\/{rel}","templated":true}]}}