{"id":1408,"date":"2025-06-06T21:49:59","date_gmt":"2025-06-06T18:49:59","guid":{"rendered":"https:\/\/www.edremittarihi.com\/?p=1408"},"modified":"2025-06-06T21:50:36","modified_gmt":"2025-06-06T18:50:36","slug":"edremit-belediye-baskani-ertasin-bayram-mesaji","status":"publish","type":"post","link":"https:\/\/www.edremittarihi.com\/index.php\/2025\/06\/06\/edremit-belediye-baskani-ertasin-bayram-mesaji\/","title":{"rendered":"Edremit Belediye Ba\u015fkan\u0131 Erta\u015f&#8217;\u0131n Bayram Mesaj\u0131"},"content":{"rendered":"\n<p>\u00a0Karde\u015fli\u011fimizin daim oldu\u011fu, huzur ve sa\u011fl\u0131k dolu nice bayramlarda bulu\u015fmak dile\u011fiyle, Kurban Bayram\u0131m\u0131z kutlu olsun.<br><strong><em>Mehmet Erta\u015f<\/em><\/strong><\/p>\n\n\n\n<hr class=\"wp-block-separator has-alpha-channel-opacity\"\/>\n\n\n\n<figure class=\"wp-block-embed is-type-video is-provider-youtube wp-block-embed-youtube wp-embed-aspect-16-9 wp-has-aspect-ratio\"><div class=\"wp-block-embed__wrapper\">\n<iframe loading=\"lazy\" title=\"Edremit Belediye Ba\u015fkan\u0131 Erta\u015f&#039;tan Kurban Bayram\u0131 Mesaj\u0131\" width=\"780\" height=\"439\" src=\"https:\/\/www.youtube.com\/embed\/g8YYu_8ykfs?feature=oembed\" frameborder=\"0\" allow=\"accelerometer; autoplay; clipboard-write; encrypted-media; gyroscope; picture-in-picture; web-share\" referrerpolicy=\"strict-origin-when-cross-origin\" allowfullscreen><\/iframe>\n<\/div><\/figure>\n\n\n\n<p>Kaynak \/ <strong><em>Edremit Belediye Ba\u015fkanl\u0131\u011f\u0131<\/em><\/strong><\/p>\n","protected":false},"excerpt":{"rendered":"<p>\u00a0Karde\u015fli\u011fimizin daim oldu\u011fu, huzur ve sa\u011fl\u0131k dolu nice bayramlarda bulu\u015fmak dile\u011fiyle, Kurban Bayram\u0131m\u0131z kutlu olsun.Mehmet Erta\u015f Kaynak \/ Edremit Belediye Ba\u015fkanl\u0131\u011f\u0131<\/p>\n","protected":false},"author":1,"featured_media":1409,"comment_status":"open","ping_status":"open","sticky":false,"template":"","format":"standard","meta":{"footnotes":""},"categories":[1],"tags":[46,67,97,99],"class_list":["post-1408","post","type-post","status-publish","format-standard","has-post-thumbnail","hentry","category-duyurular","tag-etkinlik-ve-duyurular","tag-edremit-belediyesi","tag-kurban-bayrami","tag-mehmet-ertas"],"_links":{"self":[{"href":"https:\/\/www.edremittarihi.com\/index.php\/wp-json\/wp\/v2\/posts\/1408","targetHints":{"allow":["GET"]}}],"collection":[{"href":"https:\/\/www.edremittarihi.com\/index.php\/wp-json\/wp\/v2\/posts"}],"about":[{"href":"https:\/\/www.edremittarihi.com\/index.php\/wp-json\/wp\/v2\/types\/post"}],"author":[{"embeddable":true,"href":"https:\/\/www.edremittarihi.com\/index.php\/wp-json\/wp\/v2\/users\/1"}],"replies":[{"embeddable":true,"href":"https:\/\/www.edremittarihi.com\/index.php\/wp-json\/wp\/v2\/comments?post=1408"}],"version-history":[{"count":1,"href":"https:\/\/www.edremittarihi.com\/index.php\/wp-json\/wp\/v2\/posts\/1408\/revisions"}],"predecessor-version":[{"id":1410,"href":"https:\/\/www.edremittarihi.com\/index.php\/wp-json\/wp\/v2\/posts\/1408\/revisions\/1410"}],"wp:featuredmedia":[{"embeddable":true,"href":"https:\/\/www.edremittarihi.com\/index.php\/wp-json\/wp\/v2\/media\/1409"}],"wp:attachment":[{"href":"https:\/\/www.edremittarihi.com\/index.php\/wp-json\/wp\/v2\/media?parent=1408"}],"wp:term":[{"taxonomy":"category","embeddable":true,"href":"https:\/\/www.edremittarihi.com\/index.php\/wp-json\/wp\/v2\/categories?post=1408"},{"taxonomy":"post_tag","embeddable":true,"href":"https:\/\/www.edremittarihi.com\/index.php\/wp-json\/wp\/v2\/tags?post=1408"}],"curies":[{"name":"wp","href":"https:\/\/api.w.org\/{rel}","templated":true}]}}