{"id":1401,"date":"2025-06-06T21:24:01","date_gmt":"2025-06-06T18:24:01","guid":{"rendered":"https:\/\/www.edremittarihi.com\/?p=1401"},"modified":"2025-06-06T22:17:07","modified_gmt":"2025-06-06T19:17:07","slug":"kaymakam-odabastan-sehit-ailelerine-kurban-bayrami-ziyareti","status":"publish","type":"post","link":"https:\/\/www.edremittarihi.com\/index.php\/2025\/06\/06\/kaymakam-odabastan-sehit-ailelerine-kurban-bayrami-ziyareti\/","title":{"rendered":"Kaymakam Odaba\u015f&#8217;tan \u015eehit Ailelerine Kurban Bayram\u0131 Ziyareti"},"content":{"rendered":"\n<p>&nbsp;Kaymakam\u0131m\u0131z &nbsp;Say\u0131n Ahmet ODABA\u015e, Kurban Bayram\u0131 m\u00fcnasebetiyle \u015fehit ailelerini ziyaret ederek, bayram co\u015fkusunu onlarla payla\u015ft\u0131.<\/p>\n\n\n\n<p>&nbsp;&nbsp;&nbsp;&nbsp;&nbsp;&nbsp;&nbsp;&nbsp;Bayramlar\u0131n toplumsal birlik ve beraberli\u011fin en g\u00fczel \u00f6rneklerinden oldu\u011funu belirten Kaymakam ODABA\u015e, vatan\u0131n b\u00f6l\u00fcnmez b\u00fct\u00fcnl\u00fc\u011f\u00fc u\u011fruna canlar\u0131n\u0131 feda eden aziz \u015fehitlerimizin emaneti olan ailelerinin kendileri i\u00e7in \u00e7ok k\u0131ymetli oldu\u011funu vurgulad\u0131.<\/p>\n\n\n\n<p>&nbsp;&nbsp;&nbsp;&nbsp;&nbsp;&nbsp;&nbsp;&nbsp;Ziyaretler kapsam\u0131nda, &nbsp;\u015eehit Halit SERDAR,\u015eehit Ramazan G\u00dcLE\u00c7,\u015eehit Mehmet KAPAR ve \u015eehit Er Salih Erten &#8216;in evlerine konuk olan Kaymakam Odaba\u015f, \u015fehit aileleri ile yak\u0131ndan ilgilendi. Aile fertleriyle bir s\u00fcre sohbet eden Kaymakam Odaba\u015f, ailelerin Kurban Bayram\u0131&#8217;n\u0131 tebrik ederek, her t\u00fcrl\u00fc ihtiya\u00e7lar\u0131nda devletin yanlar\u0131nda oldu\u011funu ifade etti.<\/p>\n\n\n\n<hr class=\"wp-block-separator has-alpha-channel-opacity\"\/>\n\n\n\n<h2 class=\"wp-block-heading\">Kaykamam Odaba\u015f&#8217;\u0131n Kurban Bayram\u0131 mesaj\u0131<\/h2>\n\n\n\n<p>Ba\u015fta hizmet etmekten onur ve mutluluk duydu\u011fum siz de\u011ferli hem\u015ferilerimin ,t\u00fcm halk\u0131m\u0131z\u0131n ve t\u00fcm \u0130slam aleminin m\u00fcbarek Kurban Bayram\u0131n\u0131 tebrik ediyor, t\u00fcm insanl\u0131\u011fa bar\u0131\u015f ve huzur getirmesini can\u0131 g\u00f6n\u00fclden temenni\u00a0ediyorum. <br>Ahmet ODABA\u015e <br>Edremit Kaymakam\u0131\u00a0\u00a0\u00a0\u00a0<\/p>\n\n\n\n<p>Kaynak \/ <strong><em>Edremit \u0130l\u00e7e Kaymakaml\u0131\u011f\u0131<\/em><\/strong><\/p>\n\n\n\n<figure class=\"wp-block-gallery has-nested-images columns-2 wp-block-gallery-1 is-layout-flex wp-block-gallery-is-layout-flex\">\n<figure class=\"wp-block-image size-large\"><a href=\"https:\/\/www.edremittarihi.com\/wp-content\/uploads\/2025\/06\/kurban1.webp\"><img loading=\"lazy\" decoding=\"async\" width=\"1024\" height=\"637\" data-id=\"1403\" src=\"https:\/\/www.edremittarihi.com\/wp-content\/uploads\/2025\/06\/kurban1-1024x637.webp\" alt=\"\" class=\"wp-image-1403\" srcset=\"https:\/\/www.edremittarihi.com\/wp-content\/uploads\/2025\/06\/kurban1-1024x637.webp 1024w, https:\/\/www.edremittarihi.com\/wp-content\/uploads\/2025\/06\/kurban1-300x187.webp 300w, https:\/\/www.edremittarihi.com\/wp-content\/uploads\/2025\/06\/kurban1-768x478.webp 768w, https:\/\/www.edremittarihi.com\/wp-content\/uploads\/2025\/06\/kurban1.webp 1270w\" sizes=\"auto, (max-width: 1024px) 100vw, 1024px\" \/><\/a><\/figure>\n\n\n\n<figure class=\"wp-block-image size-large\"><a href=\"https:\/\/www.edremittarihi.com\/wp-content\/uploads\/2025\/06\/kurban2.webp\"><img loading=\"lazy\" decoding=\"async\" width=\"1024\" height=\"637\" data-id=\"1404\" src=\"https:\/\/www.edremittarihi.com\/wp-content\/uploads\/2025\/06\/kurban2-1024x637.webp\" alt=\"\" class=\"wp-image-1404\" srcset=\"https:\/\/www.edremittarihi.com\/wp-content\/uploads\/2025\/06\/kurban2-1024x637.webp 1024w, https:\/\/www.edremittarihi.com\/wp-content\/uploads\/2025\/06\/kurban2-300x187.webp 300w, https:\/\/www.edremittarihi.com\/wp-content\/uploads\/2025\/06\/kurban2-768x478.webp 768w, https:\/\/www.edremittarihi.com\/wp-content\/uploads\/2025\/06\/kurban2.webp 1270w\" sizes=\"auto, (max-width: 1024px) 100vw, 1024px\" \/><\/a><\/figure>\n\n\n\n<figure class=\"wp-block-image size-large\"><a href=\"https:\/\/www.edremittarihi.com\/wp-content\/uploads\/2025\/06\/kurban3.webp\"><img loading=\"lazy\" decoding=\"async\" width=\"1024\" height=\"637\" data-id=\"1405\" src=\"https:\/\/www.edremittarihi.com\/wp-content\/uploads\/2025\/06\/kurban3-1024x637.webp\" alt=\"\" class=\"wp-image-1405\" srcset=\"https:\/\/www.edremittarihi.com\/wp-content\/uploads\/2025\/06\/kurban3-1024x637.webp 1024w, https:\/\/www.edremittarihi.com\/wp-content\/uploads\/2025\/06\/kurban3-300x187.webp 300w, https:\/\/www.edremittarihi.com\/wp-content\/uploads\/2025\/06\/kurban3-768x478.webp 768w, https:\/\/www.edremittarihi.com\/wp-content\/uploads\/2025\/06\/kurban3.webp 1270w\" sizes=\"auto, (max-width: 1024px) 100vw, 1024px\" \/><\/a><\/figure>\n\n\n\n<figure class=\"wp-block-image size-large\"><a href=\"https:\/\/www.edremittarihi.com\/wp-content\/uploads\/2025\/06\/kurban4.webp\"><img loading=\"lazy\" decoding=\"async\" width=\"1024\" height=\"637\" data-id=\"1406\" src=\"https:\/\/www.edremittarihi.com\/wp-content\/uploads\/2025\/06\/kurban4-1024x637.webp\" alt=\"\" class=\"wp-image-1406\" srcset=\"https:\/\/www.edremittarihi.com\/wp-content\/uploads\/2025\/06\/kurban4-1024x637.webp 1024w, https:\/\/www.edremittarihi.com\/wp-content\/uploads\/2025\/06\/kurban4-300x187.webp 300w, https:\/\/www.edremittarihi.com\/wp-content\/uploads\/2025\/06\/kurban4-768x478.webp 768w, https:\/\/www.edremittarihi.com\/wp-content\/uploads\/2025\/06\/kurban4.webp 1270w\" sizes=\"auto, (max-width: 1024px) 100vw, 1024px\" \/><\/a><\/figure>\n<\/figure>\n","protected":false},"excerpt":{"rendered":"<p>&nbsp;Kaymakam\u0131m\u0131z &nbsp;Say\u0131n Ahmet ODABA\u015e, Kurban Bayram\u0131 m\u00fcnasebetiyle \u015fehit ailelerini ziyaret ederek, bayram co\u015fkusunu onlarla payla\u015ft\u0131. &nbsp;&nbsp;&nbsp;&nbsp;&nbsp;&nbsp;&nbsp;&nbsp;Bayramlar\u0131n toplumsal birlik ve beraberli\u011fin en g\u00fczel \u00f6rneklerinden oldu\u011funu belirten Kaymakam ODABA\u015e, vatan\u0131n b\u00f6l\u00fcnmez b\u00fct\u00fcnl\u00fc\u011f\u00fc u\u011fruna canlar\u0131n\u0131 feda eden aziz \u015fehitlerimizin emaneti olan ailelerinin kendileri i\u00e7in \u00e7ok k\u0131ymetli oldu\u011funu vurgulad\u0131. &nbsp;&nbsp;&nbsp;&nbsp;&nbsp;&nbsp;&nbsp;&nbsp;Ziyaretler kapsam\u0131nda, &nbsp;\u015eehit Halit SERDAR,\u015eehit Ramazan G\u00dcLE\u00c7,\u015eehit Mehmet KAPAR ve [&hellip;]<\/p>\n","protected":false},"author":1,"featured_media":1402,"comment_status":"open","ping_status":"open","sticky":false,"template":"","format":"standard","meta":{"footnotes":""},"categories":[1],"tags":[46,68,97,101],"class_list":["post-1401","post","type-post","status-publish","format-standard","has-post-thumbnail","hentry","category-duyurular","tag-etkinlik-ve-duyurular","tag-edremit-kaymakamligi","tag-kurban-bayrami","tag-ahmet-odabas"],"_links":{"self":[{"href":"https:\/\/www.edremittarihi.com\/index.php\/wp-json\/wp\/v2\/posts\/1401","targetHints":{"allow":["GET"]}}],"collection":[{"href":"https:\/\/www.edremittarihi.com\/index.php\/wp-json\/wp\/v2\/posts"}],"about":[{"href":"https:\/\/www.edremittarihi.com\/index.php\/wp-json\/wp\/v2\/types\/post"}],"author":[{"embeddable":true,"href":"https:\/\/www.edremittarihi.com\/index.php\/wp-json\/wp\/v2\/users\/1"}],"replies":[{"embeddable":true,"href":"https:\/\/www.edremittarihi.com\/index.php\/wp-json\/wp\/v2\/comments?post=1401"}],"version-history":[{"count":1,"href":"https:\/\/www.edremittarihi.com\/index.php\/wp-json\/wp\/v2\/posts\/1401\/revisions"}],"predecessor-version":[{"id":1407,"href":"https:\/\/www.edremittarihi.com\/index.php\/wp-json\/wp\/v2\/posts\/1401\/revisions\/1407"}],"wp:featuredmedia":[{"embeddable":true,"href":"https:\/\/www.edremittarihi.com\/index.php\/wp-json\/wp\/v2\/media\/1402"}],"wp:attachment":[{"href":"https:\/\/www.edremittarihi.com\/index.php\/wp-json\/wp\/v2\/media?parent=1401"}],"wp:term":[{"taxonomy":"category","embeddable":true,"href":"https:\/\/www.edremittarihi.com\/index.php\/wp-json\/wp\/v2\/categories?post=1401"},{"taxonomy":"post_tag","embeddable":true,"href":"https:\/\/www.edremittarihi.com\/index.php\/wp-json\/wp\/v2\/tags?post=1401"}],"curies":[{"name":"wp","href":"https:\/\/api.w.org\/{rel}","templated":true}]}}