{"id":1361,"date":"2025-05-28T22:40:50","date_gmt":"2025-05-28T19:40:50","guid":{"rendered":"https:\/\/www.edremittarihi.com\/?p=1361"},"modified":"2025-05-28T22:40:50","modified_gmt":"2025-05-28T19:40:50","slug":"aeneasin-yolculugu","status":"publish","type":"post","link":"https:\/\/www.edremittarihi.com\/index.php\/2025\/05\/28\/aeneasin-yolculugu\/","title":{"rendered":"Aeneas\u2019\u0131n Yolculu\u011fu"},"content":{"rendered":"\n<p>Kazda\u011flar\u0131 ve Bal\u0131kesir\u2019in mitolojik hikayeleri aras\u0131nda, Truva\u2019n\u0131n d\u00fc\u015fmesinden sonra Aeneas\u2019\u0131n \u0130talya\u2019ya yapt\u0131\u011f\u0131 destans\u0131 yolculuk da bulunur. Roma mitolojisinde \u00f6nemli bir fig\u00fcr olan Aeneas, Truva Sava\u015f\u0131\u2019ndan ka\u00e7an birka\u00e7 ki\u015fiden biridir. Aeneas, \u0130da Da\u011f\u0131\u2019n\u0131n eteklerinden yola \u00e7\u0131karak yeni bir krall\u0131k kurma amac\u0131yla \u0130talya\u2019ya do\u011fru destans\u0131 bir yolculu\u011fa \u00e7\u0131kar. Bu yolculuk, Kazda\u011flar\u0131 ve \u00e7evresinin antik d\u00fcnyadaki \u00f6nemini bir kez daha g\u00f6zler \u00f6n\u00fcne serer.<\/p>\n\n\n\n<p>Kaynak \/ <strong><em>marmarabolge.com<\/em><\/strong><\/p>\n\n\n\n<hr class=\"wp-block-separator has-alpha-channel-opacity\"\/>\n\n\n\n<p><\/p>\n","protected":false},"excerpt":{"rendered":"<p>Kazda\u011flar\u0131 ve Bal\u0131kesir\u2019in mitolojik hikayeleri aras\u0131nda, Truva\u2019n\u0131n d\u00fc\u015fmesinden sonra Aeneas\u2019\u0131n \u0130talya\u2019ya yapt\u0131\u011f\u0131 destans\u0131 yolculuk da bulunur. Roma mitolojisinde \u00f6nemli bir fig\u00fcr olan Aeneas, Truva Sava\u015f\u0131\u2019ndan ka\u00e7an birka\u00e7 ki\u015fiden biridir. Aeneas, \u0130da Da\u011f\u0131\u2019n\u0131n eteklerinden yola \u00e7\u0131karak yeni bir krall\u0131k kurma amac\u0131yla \u0130talya\u2019ya do\u011fru destans\u0131 bir yolculu\u011fa \u00e7\u0131kar. Bu yolculuk, Kazda\u011flar\u0131 ve \u00e7evresinin antik d\u00fcnyadaki \u00f6nemini bir [&hellip;]<\/p>\n","protected":false},"author":1,"featured_media":1362,"comment_status":"closed","ping_status":"closed","sticky":false,"template":"","format":"standard","meta":{"footnotes":""},"categories":[50],"tags":[37,39,42],"class_list":["post-1361","post","type-post","status-publish","format-standard","has-post-thumbnail","hentry","category-efsaneler-ve-hikayeler","tag-edremit","tag-kazdaglari","tag-mitolojik-efsaneler"],"_links":{"self":[{"href":"https:\/\/www.edremittarihi.com\/index.php\/wp-json\/wp\/v2\/posts\/1361","targetHints":{"allow":["GET"]}}],"collection":[{"href":"https:\/\/www.edremittarihi.com\/index.php\/wp-json\/wp\/v2\/posts"}],"about":[{"href":"https:\/\/www.edremittarihi.com\/index.php\/wp-json\/wp\/v2\/types\/post"}],"author":[{"embeddable":true,"href":"https:\/\/www.edremittarihi.com\/index.php\/wp-json\/wp\/v2\/users\/1"}],"replies":[{"embeddable":true,"href":"https:\/\/www.edremittarihi.com\/index.php\/wp-json\/wp\/v2\/comments?post=1361"}],"version-history":[{"count":1,"href":"https:\/\/www.edremittarihi.com\/index.php\/wp-json\/wp\/v2\/posts\/1361\/revisions"}],"predecessor-version":[{"id":1363,"href":"https:\/\/www.edremittarihi.com\/index.php\/wp-json\/wp\/v2\/posts\/1361\/revisions\/1363"}],"wp:featuredmedia":[{"embeddable":true,"href":"https:\/\/www.edremittarihi.com\/index.php\/wp-json\/wp\/v2\/media\/1362"}],"wp:attachment":[{"href":"https:\/\/www.edremittarihi.com\/index.php\/wp-json\/wp\/v2\/media?parent=1361"}],"wp:term":[{"taxonomy":"category","embeddable":true,"href":"https:\/\/www.edremittarihi.com\/index.php\/wp-json\/wp\/v2\/categories?post=1361"},{"taxonomy":"post_tag","embeddable":true,"href":"https:\/\/www.edremittarihi.com\/index.php\/wp-json\/wp\/v2\/tags?post=1361"}],"curies":[{"name":"wp","href":"https:\/\/api.w.org\/{rel}","templated":true}]}}