{"id":1330,"date":"2025-05-28T21:16:39","date_gmt":"2025-05-28T18:16:39","guid":{"rendered":"https:\/\/www.edremittarihi.com\/?p=1330"},"modified":"2025-05-28T21:21:01","modified_gmt":"2025-05-28T18:21:01","slug":"tuncel-kurtiz","status":"publish","type":"post","link":"https:\/\/www.edremittarihi.com\/index.php\/2025\/05\/28\/tuncel-kurtiz\/","title":{"rendered":"Tuncel Kurtiz"},"content":{"rendered":"\n<h2 class=\"wp-block-heading\">\u00d6zg\u00fcn yap\u0131mlar\u0131n usta oyuncusu: Tuncel Kurtiz<\/h2>\n\n\n\n<h4 class=\"wp-block-heading\">\u0130stanbul<\/h4>\n\n\n\n<p>Selanik do\u011fumlu T\u00fcrk b\u00fcrokrat\u0131 Hamdi Vala Kurtiz ve Bo\u015fnak M\u00fcfide Kurtiz&#8217;in o\u011flu olarak 1 \u015eubat 1936&#8217;da \u0130zmit&#8217;in Bah\u00e7ecik nahiyesinde d\u00fcnyaya gelen Kurtiz, babas\u0131n\u0131n g\u00f6revi gere\u011fi ilk\u00f6\u011frenimini 8 farkl\u0131 \u015fehirde s\u00fcrd\u00fcrd\u00fc. Sezgin ve Rengin ad\u0131nda iki karde\u015fi olan Kurtiz, ortaokulu Edremit&#8217;te okudu.<\/p>\n\n\n\n<p>\u0130stanbul Haydarpa\u015fa Lisesi&#8217;nden mezun olan ve okul y\u0131llar\u0131nda \u0130ETT&#8217;de yar\u0131 zamanl\u0131 \u0131\u015f\u0131k kontrol\u00f6r\u00fc olarak \u00e7al\u0131\u015fan Kurtiz, hukuk, \u0130ngiliz filolojisi, felsefe, psikoloji ve sanat tarihi b\u00f6l\u00fcmlerinde e\u011fitim g\u00f6rd\u00fc ancak hi\u00e7birini tamamlamadan \u00fcniversiteden ayr\u0131ld\u0131.<\/p>\n\n\n\n<p>Haldun Dormen Tiyatrosu&#8217;nda 1958 y\u0131l\u0131nda ba\u015flad\u0131\u011f\u0131 oyunculu\u011fu Orhan G\u00fcn\u015firay&#8217;\u0131n y\u00f6netti\u011fi 1964 yap\u0131m\u0131 &#8220;\u015eeytan\u0131n U\u015faklar\u0131&#8221; filmiyle sinemada devam ettiren usta isim, y\u00fczden fazla sinema filminde oyunculuk yapt\u0131.<\/p>\n\n\n\n<p>Kurtiz, 1979 yap\u0131m\u0131 &#8220;G\u00fcl Hasan&#8221; filminin senaryo ve y\u00f6netmenli\u011fini \u00fcstlendi, 1980 yap\u0131m\u0131 &#8220;Bereketli Topraklar \u00dczerinde&#8221;nin senaryosunu kaleme ald\u0131.<\/p>\n\n\n\n<p>12 Eyl\u00fcl 1980 askeri darbesinin ard\u0131ndan yurt d\u0131\u015f\u0131na yerle\u015fen sanat\u00e7\u0131, \u0130sve\u00e7, ABD ve Almanya&#8217;da tiyatro ve sinema projelerinde yer ald\u0131.<\/p>\n\n\n\n<p>\u00dcnl\u00fc oyuncu, 1990&#8217;l\u0131 y\u0131llarda T\u00fcrkiye&#8217;ye d\u00f6nerek 2003&#8217;te &#8220;Alacakaranl\u0131k&#8221;, 2006&#8217;da &#8220;Hac\u0131&#8221;, 2007&#8217;de &#8220;Asi&#8221; adl\u0131 dizide rol ald\u0131.<\/p>\n\n\n\n<p>Bir televizyon kanal\u0131 i\u00e7in 2010 y\u0131l\u0131nda Bal\u0131kesir Edremit il\u00e7esi \u00c7aml\u0131bel k\u00f6y\u00fcndeki butik otelde \u00fcnl\u00fc dostlar\u0131n\u0131 a\u011f\u0131rlayarak &#8220;Tuncel Kurtiz ve Dostlar\u0131&#8221; adl\u0131 bir program yapan Kurtiz, ayn\u0131 y\u0131l &#8220;Hayat&#8221; belgeselini de seslendirdi.<\/p>\n\n\n\n<p>&#8220;Ezel&#8221; dizisinde canland\u0131rd\u0131\u011f\u0131 &#8220;Ramiz Day\u0131&#8221; ve &#8220;Muhte\u015fem Y\u00fczy\u0131l&#8221; dizisinde &#8220;Ebussuud Efendi&#8221; karakterleriyle son sanat y\u0131llar\u0131nda hayran kitlesini art\u0131ran Kurtiz, \u00e7ok say\u0131da \u00f6d\u00fcl\u00fcn de sahibi oldu.<\/p>\n\n\n\n<p><\/p>\n\n\n\n<figure class=\"wp-block-image size-full\"><img loading=\"lazy\" decoding=\"async\" width=\"750\" height=\"1485\" src=\"https:\/\/www.edremittarihi.com\/wp-content\/uploads\/2025\/05\/tuncel2.webp\" alt=\"\" class=\"wp-image-1331\" srcset=\"https:\/\/www.edremittarihi.com\/wp-content\/uploads\/2025\/05\/tuncel2.webp 750w, https:\/\/www.edremittarihi.com\/wp-content\/uploads\/2025\/05\/tuncel2-152x300.webp 152w, https:\/\/www.edremittarihi.com\/wp-content\/uploads\/2025\/05\/tuncel2-517x1024.webp 517w\" sizes=\"auto, (max-width: 750px) 100vw, 750px\" \/><\/figure>\n\n\n\n<p>Kaynak \/ <strong><em>AA<\/em><\/strong><\/p>\n\n\n\n<hr class=\"wp-block-separator has-alpha-channel-opacity\"\/>\n\n\n\n<p><strong>Tuncel Kurtiz<\/strong>&#8216;in mezar\u0131n\u0131 ziyaret etmek i\u00e7in a\u015fa\u011f\u0131daki haritay\u0131 kullanabilirsiniz.<\/p>\n\n\n\n<div class=\"wp-block-webfactory-map\"><div class=\"wp-block-webfactory-map\"><iframe src=\"https:\/\/www.google.com\/maps\/embed?pb=!1m18!1m12!1m3!1d3074.380768865937!2d26.864369575440794!3d39.59610420517719!2m3!1f0!2f0!3f0!3m2!1i1024!2i768!4f13.1!3m3!1m2!1s0x14b0bf1619823c65%3A0x6b348288f0427d5e!2stuncel%20kurtiz%20in%20mezari!5e0!3m2!1str!2str!4v1748456284615!5m2!1str!2str\" width=\"600\" height=\"450\" style=\"border:0;\" allowfullscreen=\"\" loading=\"lazy\" referrerpolicy=\"no-referrer-when-downgrade\"><\/iframe><\/div><\/div>\n\n\n\n<p><\/p>\n","protected":false},"excerpt":{"rendered":"<p>\u00d6zg\u00fcn yap\u0131mlar\u0131n usta oyuncusu: Tuncel Kurtiz \u0130stanbul Selanik do\u011fumlu T\u00fcrk b\u00fcrokrat\u0131 Hamdi Vala Kurtiz ve Bo\u015fnak M\u00fcfide Kurtiz&#8217;in o\u011flu olarak 1 \u015eubat 1936&#8217;da \u0130zmit&#8217;in Bah\u00e7ecik nahiyesinde d\u00fcnyaya gelen Kurtiz, babas\u0131n\u0131n g\u00f6revi gere\u011fi ilk\u00f6\u011frenimini 8 farkl\u0131 \u015fehirde s\u00fcrd\u00fcrd\u00fc. Sezgin ve Rengin ad\u0131nda iki karde\u015fi olan Kurtiz, ortaokulu Edremit&#8217;te okudu. \u0130stanbul Haydarpa\u015fa Lisesi&#8217;nden mezun olan ve okul [&hellip;]<\/p>\n","protected":false},"author":1,"featured_media":1333,"comment_status":"closed","ping_status":"closed","sticky":false,"template":"","format":"standard","meta":{"footnotes":""},"categories":[47],"tags":[37,40,93],"class_list":["post-1330","post","type-post","status-publish","format-standard","has-post-thumbnail","hentry","category-kultur-sanat","tag-edremit","tag-kultur-sanat","tag-tuncel-kurtiz"],"_links":{"self":[{"href":"https:\/\/www.edremittarihi.com\/index.php\/wp-json\/wp\/v2\/posts\/1330","targetHints":{"allow":["GET"]}}],"collection":[{"href":"https:\/\/www.edremittarihi.com\/index.php\/wp-json\/wp\/v2\/posts"}],"about":[{"href":"https:\/\/www.edremittarihi.com\/index.php\/wp-json\/wp\/v2\/types\/post"}],"author":[{"embeddable":true,"href":"https:\/\/www.edremittarihi.com\/index.php\/wp-json\/wp\/v2\/users\/1"}],"replies":[{"embeddable":true,"href":"https:\/\/www.edremittarihi.com\/index.php\/wp-json\/wp\/v2\/comments?post=1330"}],"version-history":[{"count":3,"href":"https:\/\/www.edremittarihi.com\/index.php\/wp-json\/wp\/v2\/posts\/1330\/revisions"}],"predecessor-version":[{"id":1336,"href":"https:\/\/www.edremittarihi.com\/index.php\/wp-json\/wp\/v2\/posts\/1330\/revisions\/1336"}],"wp:featuredmedia":[{"embeddable":true,"href":"https:\/\/www.edremittarihi.com\/index.php\/wp-json\/wp\/v2\/media\/1333"}],"wp:attachment":[{"href":"https:\/\/www.edremittarihi.com\/index.php\/wp-json\/wp\/v2\/media?parent=1330"}],"wp:term":[{"taxonomy":"category","embeddable":true,"href":"https:\/\/www.edremittarihi.com\/index.php\/wp-json\/wp\/v2\/categories?post=1330"},{"taxonomy":"post_tag","embeddable":true,"href":"https:\/\/www.edremittarihi.com\/index.php\/wp-json\/wp\/v2\/tags?post=1330"}],"curies":[{"name":"wp","href":"https:\/\/api.w.org\/{rel}","templated":true}]}}