{"id":1299,"date":"2025-05-15T13:55:57","date_gmt":"2025-05-15T10:55:57","guid":{"rendered":"https:\/\/www.edremittarihi.com\/?p=1299"},"modified":"2025-05-15T14:04:12","modified_gmt":"2025-05-15T11:04:12","slug":"antandros-antik-kenti","status":"publish","type":"post","link":"https:\/\/www.edremittarihi.com\/index.php\/2025\/05\/15\/antandros-antik-kenti\/","title":{"rendered":"Antandros Antik Kenti"},"content":{"rendered":"\n<p>Antandros Antik Kenti, Bal\u0131kesir\u2019in Edremit il\u00e7esinde, Kaz Da\u011f\u0131\u2019n\u0131n eteklerinde yer almaktad\u0131r.<\/p>\n\n\n\n<p>Askeri bak\u0131mdan stratejik bir konuma sahip olan kentin, M\u00d6 10. y\u00fczy\u0131lda kuruldu\u011fu d\u00fc\u015f\u00fcn\u00fclmekle birlikte, yak\u0131n\u0131nda bulunan Antandros Antik Kenti\u2019nin M\u00d6 2000\u2019li y\u0131llara kadar inen tarihinden yola \u00e7\u0131k\u0131larak Antandros\u2019un da bu tarihlerde yerle\u015fim g\u00f6rm\u00fc\u015f olabilece\u011fi de\u011ferlendirilmektedir.<\/p>\n\n\n\n<p>Kentte bulunan en \u00f6nemli kal\u0131nt\u0131lardan biri, MS 1. y\u00fczy\u0131la tarihlenen bir Roma d\u00f6nemi villas\u0131n\u0131n iyi korunmu\u015f durumdaki taban mozai\u011fi ile freskleridir. Kentin M\u00d6 7. ve 2. y\u00fczy\u0131llar aras\u0131nda kullan\u0131ld\u0131\u011f\u0131 anla\u015f\u0131lan nekropol\u00fcnde yap\u0131lan kaz\u0131larda ortaya \u00e7\u0131kar\u0131lan mezar hediyeleri, Band\u0131rma M\u00fczesi\u2019nde sergilenmektedir.<\/p>\n\n\n\n<h6 class=\"wp-block-heading\">G\u00f6rsel Sahibi : F\u0130RDEVS SAYILAN<\/h6>\n\n\n\n<figure class=\"wp-block-image size-full is-resized\"><img loading=\"lazy\" decoding=\"async\" width=\"988\" height=\"552\" src=\"https:\/\/www.edremittarihi.com\/wp-content\/uploads\/2025\/05\/antandros1.webp\" alt=\"\" class=\"wp-image-1301\" style=\"width:580px;height:auto\" srcset=\"https:\/\/www.edremittarihi.com\/wp-content\/uploads\/2025\/05\/antandros1.webp 988w, https:\/\/www.edremittarihi.com\/wp-content\/uploads\/2025\/05\/antandros1-300x168.webp 300w, https:\/\/www.edremittarihi.com\/wp-content\/uploads\/2025\/05\/antandros1-768x429.webp 768w\" sizes=\"auto, (max-width: 988px) 100vw, 988px\" \/><\/figure>\n\n\n\n<p>Kaynak \/ <strong><em>Bal\u0131kesir \u0130l K\u00fclt\u00fcr ve Turizm M\u00fcd\u00fcrl\u00fc\u011f\u00fc<\/em><\/strong><\/p>\n\n\n\n<hr class=\"wp-block-separator has-alpha-channel-opacity\"\/>\n\n\n\n<h4 class=\"wp-block-heading\">Antandros Nekropolisi (Mezarl\u0131\u011f\u0131)<br><\/h4>\n\n\n\n<div class=\"wp-block-webfactory-map\"><div class=\"wp-block-webfactory-map\"><iframe src=\"https:\/\/www.google.com\/maps\/embed?pb=!1m18!1m12!1m3!1d3075.4847446454323!2d26.77428599050598!3d39.571224205142556!2m3!1f0!2f0!3f0!3m2!1i1024!2i768!4f13.1!3m3!1m2!1s0x14b0957f4072f5b5%3A0x9830a3327fa08f3f!2sAntandros%20Nekropolisi%20(Mezarl%C4%B1%C4%9F%C4%B1)!5e0!3m2!1str!2str!4v1747306788266!5m2!1str!2str\" width=\"600\" height=\"450\" style=\"border:0;\" allowfullscreen=\"\" loading=\"lazy\" referrerpolicy=\"no-referrer-when-downgrade\"><\/iframe><\/div><\/div>\n\n\n\n<h4 class=\"wp-block-heading\">Antandros \u00d6ren Yeri<br><br><\/h4>\n\n\n\n<div class=\"wp-block-webfactory-map\"><div class=\"wp-block-webfactory-map\"><iframe src=\"https:\/\/www.google.com\/maps\/embed?pb=!1m18!1m12!1m3!1d3075.4727054363143!2d26.781631796789558!3d39.571495600000006!2m3!1f0!2f0!3f0!3m2!1i1024!2i768!4f13.1!3m3!1m2!1s0x14b095fb11e9df01%3A0xa7e9013f401bac56!2sAntandros%20%C3%96ren%20Yeri!5e0!3m2!1str!2str!4v1747306880947!5m2!1str!2str\" width=\"600\" height=\"450\" style=\"border:0;\" allowfullscreen=\"\" loading=\"lazy\" referrerpolicy=\"no-referrer-when-downgrade\"><\/iframe><\/div><\/div>\n","protected":false},"excerpt":{"rendered":"<p>Antandros Antik Kenti, Bal\u0131kesir\u2019in Edremit il\u00e7esinde, Kaz Da\u011f\u0131\u2019n\u0131n eteklerinde yer almaktad\u0131r. Askeri bak\u0131mdan stratejik bir konuma sahip olan kentin, M\u00d6 10. y\u00fczy\u0131lda kuruldu\u011fu d\u00fc\u015f\u00fcn\u00fclmekle birlikte, yak\u0131n\u0131nda bulunan Antandros Antik Kenti\u2019nin M\u00d6 2000\u2019li y\u0131llara kadar inen tarihinden yola \u00e7\u0131k\u0131larak Antandros\u2019un da bu tarihlerde yerle\u015fim g\u00f6rm\u00fc\u015f olabilece\u011fi de\u011ferlendirilmektedir. Kentte bulunan en \u00f6nemli kal\u0131nt\u0131lardan biri, MS 1. y\u00fczy\u0131la [&hellip;]<\/p>\n","protected":false},"author":1,"featured_media":1019,"comment_status":"closed","ping_status":"closed","sticky":false,"template":"","format":"standard","meta":{"footnotes":""},"categories":[61],"tags":[37,65,66,72,88],"class_list":["post-1299","post","type-post","status-publish","format-standard","has-post-thumbnail","hentry","category-muzeler-ve-oren-yerleri","tag-edremit","tag-muzeler-oren-yerleri","tag-tarihi-yapilar","tag-edremit-tarihi","tag-antandros-antik-kenti"],"_links":{"self":[{"href":"https:\/\/www.edremittarihi.com\/index.php\/wp-json\/wp\/v2\/posts\/1299","targetHints":{"allow":["GET"]}}],"collection":[{"href":"https:\/\/www.edremittarihi.com\/index.php\/wp-json\/wp\/v2\/posts"}],"about":[{"href":"https:\/\/www.edremittarihi.com\/index.php\/wp-json\/wp\/v2\/types\/post"}],"author":[{"embeddable":true,"href":"https:\/\/www.edremittarihi.com\/index.php\/wp-json\/wp\/v2\/users\/1"}],"replies":[{"embeddable":true,"href":"https:\/\/www.edremittarihi.com\/index.php\/wp-json\/wp\/v2\/comments?post=1299"}],"version-history":[{"count":3,"href":"https:\/\/www.edremittarihi.com\/index.php\/wp-json\/wp\/v2\/posts\/1299\/revisions"}],"predecessor-version":[{"id":1306,"href":"https:\/\/www.edremittarihi.com\/index.php\/wp-json\/wp\/v2\/posts\/1299\/revisions\/1306"}],"wp:featuredmedia":[{"embeddable":true,"href":"https:\/\/www.edremittarihi.com\/index.php\/wp-json\/wp\/v2\/media\/1019"}],"wp:attachment":[{"href":"https:\/\/www.edremittarihi.com\/index.php\/wp-json\/wp\/v2\/media?parent=1299"}],"wp:term":[{"taxonomy":"category","embeddable":true,"href":"https:\/\/www.edremittarihi.com\/index.php\/wp-json\/wp\/v2\/categories?post=1299"},{"taxonomy":"post_tag","embeddable":true,"href":"https:\/\/www.edremittarihi.com\/index.php\/wp-json\/wp\/v2\/tags?post=1299"}],"curies":[{"name":"wp","href":"https:\/\/api.w.org\/{rel}","templated":true}]}}