{"id":1291,"date":"2025-05-13T22:59:02","date_gmt":"2025-05-13T19:59:02","guid":{"rendered":"https:\/\/www.edremittarihi.com\/?p=1291"},"modified":"2025-05-13T23:14:57","modified_gmt":"2025-05-13T20:14:57","slug":"ayse-sidika-erke-etnografya-muzesi","status":"publish","type":"post","link":"https:\/\/www.edremittarihi.com\/index.php\/2025\/05\/13\/ayse-sidika-erke-etnografya-muzesi\/","title":{"rendered":"Ay\u015fe S\u0131d\u0131ka Erke Etnografya M\u00fczesi"},"content":{"rendered":"\n<p>Bal\u0131kesir&#8217;in\u00a0Edremit\u00a0il\u00e7esinde bulunan bir m\u00fczedir. Bal\u0131kesir Kuvay-\u0131 Milliye M\u00fczesi M\u00fcd\u00fcrl\u00fc\u011f\u00fc&#8217;ne ba\u011fl\u0131d\u0131r. Edremit Belediyesi taraf\u0131ndan kurulmu\u015ftur. M\u00fczede Kuv\u00e2-y\u0131 Milliye odas\u0131, geleneksel T\u00fcrk ev adalar\u0131,el yap\u0131m\u0131 eserler, eski silahlar sergilenmektedir.M\u00fczede antik \u00e7a\u011flara dayanan herhangi bir eser bulunmamakla beraber var olan eserler de say\u0131 bak\u0131m\u0131ndan olduk\u00e7a azd\u0131r azd\u0131r.<\/p>\n\n\n\n<p>Zemin kattaki Kuv\u00e2-yi Milliye odas\u0131, bir idari oda ve\u00a0hanay\u00a0tabir edilen 120 m2&#8217;lik geni\u015f salon k\u00fclt\u00fcrel ama\u00e7l\u0131 kullan\u0131lmak \u00fczere d\u00fczenlenmi\u015ftir. \u00dcst katta ba\u015f oda ve sofa bulunmaktad\u0131r. Odalarda 18. y\u00fczy\u0131l ve 19. y\u00fczy\u0131l d\u00f6neminin Edremit ev ya\u015fam\u0131na ili\u015fkin geleneksel el sanatlar\u0131 ile bezenmi\u015f ev e\u015fyas\u0131 giysi ve g\u00fcnl\u00fck ya\u015fam\u0131n\u0131 yans\u0131tan e\u015fya sergilenmektedir.<\/p>\n\n\n\n<figure class=\"wp-block-image size-full is-resized\"><img loading=\"lazy\" decoding=\"async\" width=\"747\" height=\"342\" src=\"https:\/\/www.edremittarihi.com\/wp-content\/uploads\/2025\/05\/sidika-1.jpg\" alt=\"\" class=\"wp-image-1297\" style=\"width:580px;height:auto\" srcset=\"https:\/\/www.edremittarihi.com\/wp-content\/uploads\/2025\/05\/sidika-1.jpg 747w, https:\/\/www.edremittarihi.com\/wp-content\/uploads\/2025\/05\/sidika-1-300x137.jpg 300w\" sizes=\"auto, (max-width: 747px) 100vw, 747px\" \/><\/figure>\n\n\n\n<p>Kaynak \/ <strong><em>Edremit Belediyesi<\/em><\/strong><\/p>\n\n\n\n<hr class=\"wp-block-separator has-alpha-channel-opacity\"\/>\n\n\n\n<p><strong><em>Ula\u015f\u0131m i\u00e7in a\u015fa\u011f\u0131daki haritadan faydalanabilirsiniz.<\/em><\/strong><\/p>\n\n\n\n<div class=\"wp-block-webfactory-map\"><div class=\"wp-block-webfactory-map\"><iframe src=\"https:\/\/www.google.com\/maps\/embed?pb=!1m14!1m8!1m3!1d12298.160082182621!2d27.020329!3d39.592516!3m2!1i1024!2i768!4f13.1!3m3!1m2!1s0x14b0c909915a6d27%3A0x398cc9bc752b430c!2zQXnFn2UgU8SxZMSxa2EgRXJrZSBFdG5vZ3JhZnlhIE3DvHplc2k!5e0!3m2!1str!2str!4v1747166246329!5m2!1str!2str\" width=\"600\" height=\"450\" style=\"border:0;\" allowfullscreen=\"\" loading=\"lazy\" referrerpolicy=\"no-referrer-when-downgrade\"><\/iframe><\/div><\/div>\n","protected":false},"excerpt":{"rendered":"<p>Bal\u0131kesir&#8217;in\u00a0Edremit\u00a0il\u00e7esinde bulunan bir m\u00fczedir. Bal\u0131kesir Kuvay-\u0131 Milliye M\u00fczesi M\u00fcd\u00fcrl\u00fc\u011f\u00fc&#8217;ne ba\u011fl\u0131d\u0131r. Edremit Belediyesi taraf\u0131ndan kurulmu\u015ftur. M\u00fczede Kuv\u00e2-y\u0131 Milliye odas\u0131, geleneksel T\u00fcrk ev adalar\u0131,el yap\u0131m\u0131 eserler, eski silahlar sergilenmektedir.M\u00fczede antik \u00e7a\u011flara dayanan herhangi bir eser bulunmamakla beraber var olan eserler de say\u0131 bak\u0131m\u0131ndan olduk\u00e7a azd\u0131r azd\u0131r. Zemin kattaki Kuv\u00e2-yi Milliye odas\u0131, bir idari oda ve\u00a0hanay\u00a0tabir edilen 120 [&hellip;]<\/p>\n","protected":false},"author":1,"featured_media":1292,"comment_status":"closed","ping_status":"closed","sticky":false,"template":"","format":"standard","meta":{"footnotes":""},"categories":[61],"tags":[37,65,67,72,86],"class_list":["post-1291","post","type-post","status-publish","format-standard","has-post-thumbnail","hentry","category-muzeler-ve-oren-yerleri","tag-edremit","tag-muzeler-oren-yerleri","tag-edremit-belediyesi","tag-edremit-tarihi","tag-sidika-erke-muzesi"],"_links":{"self":[{"href":"https:\/\/www.edremittarihi.com\/index.php\/wp-json\/wp\/v2\/posts\/1291","targetHints":{"allow":["GET"]}}],"collection":[{"href":"https:\/\/www.edremittarihi.com\/index.php\/wp-json\/wp\/v2\/posts"}],"about":[{"href":"https:\/\/www.edremittarihi.com\/index.php\/wp-json\/wp\/v2\/types\/post"}],"author":[{"embeddable":true,"href":"https:\/\/www.edremittarihi.com\/index.php\/wp-json\/wp\/v2\/users\/1"}],"replies":[{"embeddable":true,"href":"https:\/\/www.edremittarihi.com\/index.php\/wp-json\/wp\/v2\/comments?post=1291"}],"version-history":[{"count":4,"href":"https:\/\/www.edremittarihi.com\/index.php\/wp-json\/wp\/v2\/posts\/1291\/revisions"}],"predecessor-version":[{"id":1298,"href":"https:\/\/www.edremittarihi.com\/index.php\/wp-json\/wp\/v2\/posts\/1291\/revisions\/1298"}],"wp:featuredmedia":[{"embeddable":true,"href":"https:\/\/www.edremittarihi.com\/index.php\/wp-json\/wp\/v2\/media\/1292"}],"wp:attachment":[{"href":"https:\/\/www.edremittarihi.com\/index.php\/wp-json\/wp\/v2\/media?parent=1291"}],"wp:term":[{"taxonomy":"category","embeddable":true,"href":"https:\/\/www.edremittarihi.com\/index.php\/wp-json\/wp\/v2\/categories?post=1291"},{"taxonomy":"post_tag","embeddable":true,"href":"https:\/\/www.edremittarihi.com\/index.php\/wp-json\/wp\/v2\/tags?post=1291"}],"curies":[{"name":"wp","href":"https:\/\/api.w.org\/{rel}","templated":true}]}}