{"id":1236,"date":"2025-05-04T15:23:21","date_gmt":"2025-05-04T12:23:21","guid":{"rendered":"https:\/\/www.edremittarihi.com\/?p=1236"},"modified":"2025-05-28T21:02:17","modified_gmt":"2025-05-28T18:02:17","slug":"sabahattin-ali","status":"publish","type":"post","link":"https:\/\/www.edremittarihi.com\/index.php\/2025\/05\/04\/sabahattin-ali\/","title":{"rendered":"Sabahattin Ali"},"content":{"rendered":"\n<h2 class=\"wp-block-heading\">\u00c7a\u011fda\u015f T\u00fcrk edebiyat\u0131n\u0131n usta kalemi: Sabahattin Ali<\/h2>\n\n\n\n<p><\/p>\n\n\n\n<h2 class=\"wp-block-heading\"><strong>\u0130stanbul<\/strong><\/h2>\n\n\n\n<p>Emekli asker Cihangirli Ali Selahattin Bey ile E\u011fridereli H\u00fcsniye Han\u0131m&#8217;\u0131n o\u011flu Ali, 25 \u015eubat 1907&#8217;de Bulgaristan&#8217;da, G\u00fcm\u00fclcine Sanca\u011f\u0131&#8217;na ba\u011fl\u0131 E\u011fridere \u015fimdiki ad\u0131yla Ardino il\u00e7esinde d\u00fcnyaya geldi.<\/p>\n\n\n\n<p>Annesinin psikolojik s\u0131k\u0131nt\u0131lar\u0131, Ali&#8217;nin hayat\u0131nda derin izler olu\u015fturdu. Bu izler, Ali&#8217;nin, edebiyat d\u00fcnyas\u0131n\u0131n \u00f6nemli yap\u0131tlar\u0131 aras\u0131nda say\u0131lan eserlerinde etkisini hissettirdi.<\/p>\n\n\n\n<p>Sabahattin Ali, 1. D\u00fcnya Sava\u015f\u0131 dolay\u0131s\u0131yla 1914&#8217;te babas\u0131n\u0131n yeniden askere al\u0131nmas\u0131n\u0131n ard\u0131ndan ailesiyle \u00c7anakkale&#8217;ye yerle\u015fti. 1918&#8217;e kadar sava\u015f\u0131n oldu\u011fu b\u00f6lgede kalmak Ali&#8217;yi olduk\u00e7a etkiledi.<\/p>\n\n\n\n<figure class=\"wp-block-image size-full\"><img loading=\"lazy\" decoding=\"async\" width=\"640\" height=\"361\" src=\"https:\/\/www.edremittarihi.com\/wp-content\/uploads\/2025\/05\/sabahattin-ali2.webp\" alt=\"\" class=\"wp-image-1224\" srcset=\"https:\/\/www.edremittarihi.com\/wp-content\/uploads\/2025\/05\/sabahattin-ali2.webp 640w, https:\/\/www.edremittarihi.com\/wp-content\/uploads\/2025\/05\/sabahattin-ali2-300x169.webp 300w\" sizes=\"auto, (max-width: 640px) 100vw, 640px\" \/><\/figure>\n\n\n\n<h3 class=\"wp-block-heading\">\u00d6\u011fretmen okulunda hikaye ve \u015fiir denemelerine ba\u015flad\u0131<\/h3>\n\n\n\n<p>Ge\u00e7im s\u0131k\u0131nt\u0131s\u0131 ve aile i\u00e7erisindeki huzursuzluklarla \u00e7ocukluk d\u00f6nemini ge\u00e7iren usta yazar, ilk e\u011fitimini \u00dcsk\u00fcdar&#8217;daki F\u00fcyuzat-\u0131 Osmaniye Mektebi&#8217;nde ald\u0131.<\/p>\n\n\n\n<p>Yazar Ali, \u00c7anakkale&#8217;ye yerle\u015ftikten k\u0131sa s\u00fcre sonra \u00c7anakkale \u0130btidai Mektebi&#8217;ne girdi. Okul, sava\u015f nedeniyle \u00f6\u011fretmensiz kalarak kapansa da babas\u0131 ve di\u011fer subaylar\u0131n yard\u0131m\u0131yla tekrar a\u00e7\u0131ld\u0131. T\u00fcrk\u00e7e derslerini Ali&#8217;nin babas\u0131 Selahattin Bey verdi.<\/p>\n\n\n\n<p>\u0130lk\u00f6\u011frenimin ard\u0131ndan Edremit \u0130dadi Mektebi&#8217;nden de mezun olan usta edebiyat\u00e7\u0131, Bal\u0131kesir&#8217;deki Muallim Mektebi&#8217;ne kaydoldu.<\/p>\n\n\n\n<p>\u00d6\u011fretmen okulundayken babas\u0131n\u0131n te\u015fvikiyle hikaye ve \u015fiir denemelerine ba\u015flayan Ali, ikinci s\u0131n\u0131fta gazete ve dergilere yaz\u0131lar\u0131n\u0131 g\u00f6nderdi, bir yandan da okul gazetesi \u00e7\u0131kard\u0131.<\/p>\n\n\n\n<p>Sabahattin Ali, e\u011fitiminin 3. y\u0131l\u0131nda \u0130stanbul Muallim Mektebi&#8217;ne ge\u00e7i\u015f yapt\u0131.<\/p>\n\n\n\n<h3 class=\"wp-block-heading\">1927&#8217;de \u0130stanbul Muallim Mektebi&#8217;nden mezun oldu<\/h3>\n\n\n\n<p>\u0130stanbul Muallim Mektebi&#8217;ndeki edebiyat \u00f6\u011fretmeni Ali Canip Y\u00f6ntem&#8217;in te\u015fvikiyle dergilere hikaye ve \u015fiirler g\u00f6nderen, okul m\u00fcsamerelerine kat\u0131lan Ali, babas\u0131n\u0131n kalp krizi nedeniyle vefat etmesi \u00fczerine, &#8220;Babam \u0130\u00e7in&#8221; adl\u0131 \u015fiiri kaleme ald\u0131. Bu \u015fiir daha sonra Orhan Seyfi&#8217;nin y\u00f6netti\u011fi &#8220;G\u00fcne\u015f&#8221; dergisinde yay\u0131nland\u0131.<\/p>\n\n\n\n<p>\u0130lk b\u00fcy\u00fck dostluklar\u0131 \u0130stanbul&#8217;da \u00f6\u011fretmen okulunda \u00f6\u011frenciyken filizlenen Sabahattin Ali&#8217;nin, kadim dostu Pertev Naili Boratav ile uzun y\u0131llar mektupla\u015ft\u0131\u011f\u0131 ve i\u00e7ini d\u00f6kt\u00fc\u011f\u00fc Ay\u015fe S\u0131tk\u0131, okul arkada\u015flar\u0131 aras\u0131ndayd\u0131.<\/p>\n\n\n\n<p>Sabahattin Ali, 1927&#8217;de Muallim Mektebi&#8217;ni tamamlayarak Yozgat Merkez Cumhuriyet \u0130lkokulu&#8217;na \u00f6\u011fretmen olarak atand\u0131. Yozgat&#8217;ta \u0130stanbul&#8217;daki sosyal \u00e7evresinin aksine yaln\u0131z kalan Ali, kendisini yazmaya ve okumaya verdi.<\/p>\n\n\n\n<p>\u00d6\u011fretmenlik g\u00f6revinde 1 y\u0131l\u0131 tamamlad\u0131ktan sonra Milli E\u011fitim Bakanl\u0131\u011f\u0131n\u0131n yabanc\u0131 dil \u00f6\u011fretmeni ihtiyac\u0131 nedeniyle a\u00e7t\u0131\u011f\u0131, yurt d\u0131\u015f\u0131nda dil e\u011fitimi s\u0131nav\u0131n\u0131 kazanan Ali, Almanya&#8217;ya giderek, Potsdam ve Berlin&#8217;de e\u011fitim g\u00f6rd\u00fc.<\/p>\n\n\n\n<p>Usta edebiyat\u00e7\u0131, Alman edebiyat\u0131n\u0131n yan\u0131 s\u0131ra Rus edebiyat\u0131na da yo\u011funla\u015farak, \u00f6zellikle Ivan Turgenyev, Maksim Gorki ve Knut Hamsun gibi isimlerin eserlerini okudu.<\/p>\n\n\n\n<h3 class=\"wp-block-heading\">Kom\u00fcnizm s\u00f6ylemlerinde bulundu\u011fu gerek\u00e7esiyle tutukland\u0131<\/h3>\n\n\n\n<p>Ya\u015fad\u0131\u011f\u0131 tats\u0131z bir olay sebebiyle Almanya&#8217;dan T\u00fcrkiye&#8217;ye d\u00f6nen Ali, bir m\u00fcddet \u0130stanbul&#8217;da Y\u00fcksek Muallim Mektebi&#8217;nde, arkada\u015flar\u0131n\u0131n yan\u0131nda, Nihal Ats\u0131z, Nihat Sami Banarl\u0131 ve Pertev Naili Boratav&#8217;la ayn\u0131 yatakhanede kald\u0131.<\/p>\n\n\n\n<p>Ali, 1930&#8217;da Gazi Enstit\u00fcs\u00fcnde a\u00e7\u0131lan yabanc\u0131 dil s\u0131navlar\u0131na kat\u0131ld\u0131 ve Ayd\u0131n Ortaokulu&#8217;na Almanca \u00f6\u011fretmeni olarak atand\u0131. Burada kom\u00fcnizm s\u00f6ylemlerinde bulundu\u011fu gerek\u00e7esiyle hakk\u0131nda soru\u015fturma a\u00e7\u0131lan yazar, detayl\u0131 bir tahkikat yap\u0131lmas\u0131 amac\u0131yla tutukland\u0131.<\/p>\n\n\n\n<p>Ayd\u0131n Hapishanesi&#8217;nde 9 Eyl\u00fcl 1931&#8217;e kadar kalan Sabahattin Ali, ba\u015f\u0131ndan ge\u00e7enleri, Ay\u015fe S\u0131tk\u0131 \u0130lhan&#8217;a yazd\u0131\u011f\u0131 mektuplarda anlatt\u0131. Bu s\u00fcre i\u00e7erisinde yazar kimli\u011fini geride b\u0131rakmayan Ali, daha sonra yazaca\u011f\u0131 \u00f6yk\u00fcler i\u00e7in de malzeme biriktirdi.<\/p>\n\n\n\n<p>Ayd\u0131n&#8217;da \u00f6\u011fretmenli\u011fe ba\u015flamadan \u00f6nce Naz\u0131m Hikmet&#8217;in \u00e7al\u0131\u015ft\u0131\u011f\u0131 &#8220;Resimli Ay&#8221; dergisine giden yazar, orada hem Zekeriya-Sabiha Sertel \u00e7iftiyle hem de Naz\u0131m Hikmet&#8217;le tan\u0131\u015ft\u0131. Yazar ayn\u0131 zamanda ilk hikayesi olan &#8220;Bir Orman Hikayesi&#8221; eserini bu dergide yay\u0131nlad\u0131.<\/p>\n\n\n\n<p>Usta edebiyat\u00e7\u0131, beraat\u0131ndan sonra Konya Ortaokulu&#8217;nda Almanca \u00f6\u011fretmeni olarak g\u00f6reve ba\u015flad\u0131. Konya&#8217;daki g\u00fcnlerini, &#8220;Bir Skandal&#8221; adl\u0131 eserinde anlatan yazar, yaln\u0131zl\u0131\u011f\u0131n\u0131 ve ya\u015fad\u0131\u011f\u0131 duygu karma\u015fas\u0131n\u0131 okuruyla payla\u015ft\u0131.<\/p>\n\n\n\n<p>Sabahattin Ali, a\u015f\u0131k oldu\u011fu Melahat Han\u0131m&#8217;a \u015fiirler yazd\u0131 ve bu duygularla kat\u0131ld\u0131\u011f\u0131 bir toplant\u0131da okudu\u011fu hicviyede, memleketin idaresinde olanlara ima ve tahkirde bulundu\u011fu iddias\u0131yla yeniden tutukland\u0131.<\/p>\n\n\n\n<p>Bir y\u0131ll\u0131k mahkumiyeti, temyiz mahkemesinin aleyhinde karar vermesi \u00fczerine 12 aydan 14 aya \u00e7\u0131kar\u0131ld\u0131.<\/p>\n\n\n\n<p>Cezas\u0131n\u0131n d\u00f6rt ay\u0131n\u0131 Konya Cezaevi&#8217;nde ge\u00e7iren yazar, 6 ay\u0131n\u0131 ge\u00e7irdi\u011fi Sinop Cezaevi&#8217;nde, daha sonra bestelenerek unutulmayan \u015fark\u0131lar aras\u0131na giren &#8220;Ald\u0131rma G\u00f6n\u00fcl&#8221; ve &#8220;Hapishane \u015eark\u0131s\u0131&#8221; adl\u0131 eserini kaleme ald\u0131.<\/p>\n\n\n\n<p>Ali, erken tahliye olarak 29 Ekim 1933&#8217;te cezaevinden \u00e7\u0131k\u0131nca Milli E\u011fitim Bakanl\u0131\u011f\u0131na ba\u015fvurarak \u00f6\u011fretmenlik mesle\u011fine geri d\u00f6nmek istedi\u011fini belirtti.<\/p>\n\n\n\n<p>\u00d6\u011fretmenli\u011fe Ankara 2. Ortaokulu&#8217;nda devam eden yazar, 1932&#8217;de \u0130stanbul&#8217;da bir yak\u0131nlar\u0131n\u0131n vas\u0131tas\u0131yla tan\u0131\u015ft\u0131\u011f\u0131 Aliye Han\u0131m&#8217;la mektupla\u015fmaya ba\u015flad\u0131. Aliye Han\u0131m ile Sabahattin Ali, posta yoluyla ni\u015fan takt\u0131, 16 May\u0131s 1935&#8217;te evlendi.<\/p>\n\n\n\n<p>Ba\u015far\u0131l\u0131 edebiyat\u00e7\u0131, 1937&#8217;de yedek subay olarak askerlik g\u00f6revini tamamlad\u0131, 30 Eyl\u00fcl 1937&#8217;de k\u0131z\u0131 Filiz d\u00fcnyaya geldi. \u0130deal bir e\u015f ve sevecen bir baba olan Ali, k\u0131z\u0131n\u0131n do\u011fumunun ard\u0131ndan, bug\u00fcn hala en \u00e7ok okunan ve bir\u00e7ok dile \u00e7evrilen &#8220;Kuyucakl\u0131 Yusuf&#8221; ile &#8220;K\u00fcrk Mantolu Madonna&#8221; romanlar\u0131n\u0131 kaleme ald\u0131. Politikayla da i\u00e7li d\u0131\u015fl\u0131 olan Ali, \u00e7e\u015fitli s\u00f6ylemler dolay\u0131s\u0131yla \u00f6\u011fretmenlik g\u00f6revinden tekrar al\u0131nd\u0131.<\/p>\n\n\n\n<figure class=\"wp-block-image size-large\"><img loading=\"lazy\" decoding=\"async\" width=\"601\" height=\"1024\" src=\"https:\/\/www.edremittarihi.com\/wp-content\/uploads\/2025\/05\/sabahattin-ali3-601x1024.webp\" alt=\"\" class=\"wp-image-1225\" srcset=\"https:\/\/www.edremittarihi.com\/wp-content\/uploads\/2025\/05\/sabahattin-ali3-601x1024.webp 601w, https:\/\/www.edremittarihi.com\/wp-content\/uploads\/2025\/05\/sabahattin-ali3-176x300.webp 176w, https:\/\/www.edremittarihi.com\/wp-content\/uploads\/2025\/05\/sabahattin-ali3-768x1308.webp 768w, https:\/\/www.edremittarihi.com\/wp-content\/uploads\/2025\/05\/sabahattin-ali3-902x1536.webp 902w, https:\/\/www.edremittarihi.com\/wp-content\/uploads\/2025\/05\/sabahattin-ali3.webp 1120w\" sizes=\"auto, (max-width: 601px) 100vw, 601px\" \/><\/figure>\n\n\n\n<h3 class=\"wp-block-heading\">&#8220;\u0130\u00e7imizdeki \u015eeytan&#8221; roman\u0131 siyasi tart\u0131\u015fmalara neden oldu<\/h3>\n\n\n\n<p>Usta edebiyat\u00e7\u0131, 1938&#8217;de &#8220;\u00c7aydanl\u0131k&#8221; ve &#8220;Arap Hayri&#8221;, 1939&#8217;da &#8220;Is\u0131tmak \u0130\u00e7in&#8221; ve &#8220;Uyku&#8221; hikayelerini, 1940&#8217;ta &#8220;Selam&#8221; ve &#8220;Bir Mesle\u011fin Ba\u015flang\u0131c\u0131&#8221; hikayelerini yazd\u0131. &#8220;\u0130\u00e7imizdeki \u015eeytan&#8221; roman\u0131 3 Nisan-29 Haziran 1939 aras\u0131nda Ulus gazetesinde tefrika edildi. Roman yay\u0131nland\u0131ktan sonra pek \u00e7ok siyasi tart\u0131\u015fmaya neden oldu.<\/p>\n\n\n\n<p>Ali, 1941-1943&#8217;te yazd\u0131\u011f\u0131 &#8220;Bir Konferans&#8221;, &#8220;Yeni D\u00fcnya&#8221;, &#8220;\u0130ki Kad\u0131n&#8221;, &#8220;Sulfata&#8221; ve &#8220;Hasan Bo\u011fuldu&#8221; adl\u0131 hikayelerini &#8220;Yeni D\u00fcnya&#8221; kitab\u0131nda toplad\u0131.<\/p>\n\n\n\n<p>Milli E\u011fitim Bakanl\u0131\u011f\u0131 Yay\u0131n M\u00fcd\u00fcrl\u00fc\u011f\u00fcnde memur, Ankara Devlet Konservatuvar\u0131nda ise \u00e7evirmen ve dramaturg olarak da \u00e7al\u0131\u015fan usta edebiyat\u00e7\u0131, Nihal Ats\u0131z&#8217;\u0131n hakk\u0131nda yazd\u0131\u011f\u0131 bir yaz\u0131ya kar\u015f\u0131 dava a\u00e7t\u0131. Davay\u0131 1944&#8217;te kazanmas\u0131na ra\u011fmen tepkilerden kurtulamayan Ali, duru\u015fmalar sonunda Milli E\u011fitim Bakanl\u0131\u011f\u0131nca g\u00f6revinden al\u0131nd\u0131.<\/p>\n\n\n\n<figure class=\"wp-block-image size-large\"><img loading=\"lazy\" decoding=\"async\" width=\"1024\" height=\"637\" src=\"https:\/\/www.edremittarihi.com\/wp-content\/uploads\/2025\/05\/sabahattin-ali5-1024x637.webp\" alt=\"\" class=\"wp-image-1227\" srcset=\"https:\/\/www.edremittarihi.com\/wp-content\/uploads\/2025\/05\/sabahattin-ali5-1024x637.webp 1024w, https:\/\/www.edremittarihi.com\/wp-content\/uploads\/2025\/05\/sabahattin-ali5-300x187.webp 300w, https:\/\/www.edremittarihi.com\/wp-content\/uploads\/2025\/05\/sabahattin-ali5-768x478.webp 768w, https:\/\/www.edremittarihi.com\/wp-content\/uploads\/2025\/05\/sabahattin-ali5.webp 1270w\" sizes=\"auto, (max-width: 1024px) 100vw, 1024px\" \/><\/figure>\n\n\n\n<h3 class=\"wp-block-heading\">1945&#8217;te gazetecilik yapmaya ba\u015flad\u0131<\/h3>\n\n\n\n<p>\u0130stanbul&#8217;da 1945&#8217;te gazetecilik yapmaya ba\u015flayan Ali, &#8220;Tan Gazetesi&#8221; olaylar\u0131 s\u0131ras\u0131nda, f\u0131kralar yazd\u0131\u011f\u0131 &#8220;La Turquie&#8221; ve &#8220;Yeni D\u00fcnya&#8221; gazeteleri tahrip edilince i\u015fsiz kald\u0131.<\/p>\n\n\n\n<p>&#8220;Yurt ve D\u00fcnya&#8221;, &#8220;Yeni T\u00fcrk&#8221; ve &#8220;Terc\u00fcme&#8221; dergisi gibi yay\u0131n organlar\u0131nda yaz\u0131lar kaleme alan usta yazar, Aziz Nesin ve R\u0131fat Ilgaz&#8217;la siyasal mizah dergisi &#8220;Marko Pa\u015fa&#8221;y\u0131 1946&#8217;da \u00e7\u0131kard\u0131. Dergiyi\u00fc &#8220;Malum Pa\u015fa&#8221;, &#8220;Merhum Pa\u015fa&#8221; ve &#8220;\u00d6k\u00fcz Pa\u015fa&#8221; gibi yine siyasal i\u00e7erikli mizah dergileri takip etti.<\/p>\n\n\n\n<p>Yay\u0131nlardan birinde &#8220;Adalet Koridorlar\u0131nda&#8221; adl\u0131 yaz\u0131s\u0131yla yeniden tutuklanan ve 3 ay hapis yatan Sabahattin Ali, bu d\u00f6nem \u0130stanbul&#8217;da hem maddi hem de manevi y\u00f6nden s\u0131k\u0131nt\u0131 ya\u015fad\u0131. Usta edebiyat\u00e7\u0131 ya\u015fad\u0131\u011f\u0131 s\u00fcreci, &#8220;Ali Baba&#8221; dergisindeki yaz\u0131lar\u0131nda da dile getirdi.<\/p>\n\n\n\n<p>\u00dclkede siyasi bask\u0131lardan uzak kalamayaca\u011f\u0131, h\u00fcr iradesine dayal\u0131 yay\u0131n hayat\u0131n\u0131 s\u00fcrd\u00fcremeyece\u011fi fikriyle yurt d\u0131\u015f\u0131na \u00e7\u0131kmak isteyen, ancak pasaport yasa\u011f\u0131ndan dolay\u0131, insan ka\u00e7ak\u00e7\u0131lar\u0131yla anla\u015farak s\u0131n\u0131r d\u0131\u015f\u0131na \u00e7\u0131kmay\u0131 planlayan yazar, tan\u0131\u015ft\u0131\u011f\u0131 Ali Ertekin&#8217;le 31 Mart 1948&#8217;de K\u0131rklareli&#8217;ne yola \u00e7\u0131kt\u0131.<\/p>\n\n\n\n<p>Bulgaristan s\u0131n\u0131r\u0131nda 16 Haziran 1948&#8217;te bir \u00e7oban\u0131n buldu\u011fu cesedin Sabahattin Ali&#8217;ye ait oldu\u011fu tespit edildi. Ali Ertekin, daha sonra cinayeti i\u015fledi\u011fini itiraf etti.<\/p>\n\n\n\n<p>Cinayetin i\u015flendi\u011fi tarihten d\u00f6rt ay sonra ormanda tan\u0131nmaz halde bulunan cesedin yazar Ali&#8217;ye ait oldu\u011fu ve 2 Nisan 1948&#8217;de vefat etti\u011fi kay\u0131tlara ge\u00e7ti.<\/p>\n\n\n\n<p>E\u015fi Aliye Ali, bu duruma ili\u015fkin yapt\u0131\u011f\u0131 bir a\u00e7\u0131klamada \u015funlar\u0131 kaydetmi\u015fti:<\/p>\n\n\n\n<p>&#8220;Sabahattin iyi y\u00fcrekli, insanlar\u0131 \u00e7ok seven biriydi. Senelerden beri daima dama ta\u015f\u0131 gibi oynanan sanata verdi\u011fi emek, polis\u00e7e devaml\u0131 tedirgin edilmesi sinirlerini yormu\u015f olacakt\u0131 ki ka\u00e7ma teklifi ona cazip gelmi\u015fti. Romanlar\u0131n\u0131 rahat bir kafa ile yazabilme d\u00fc\u015f\u00fc, kafas\u0131n\u0131 dinlemek istedi\u011fi bir yer veya bir memleket arat\u0131yordu ona herhalde.&#8221;<\/p>\n\n\n\n<figure class=\"wp-block-image size-large\"><img loading=\"lazy\" decoding=\"async\" width=\"1024\" height=\"637\" src=\"https:\/\/www.edremittarihi.com\/wp-content\/uploads\/2025\/05\/sabahattin-ali4-1024x637.webp\" alt=\"\" class=\"wp-image-1226\" srcset=\"https:\/\/www.edremittarihi.com\/wp-content\/uploads\/2025\/05\/sabahattin-ali4-1024x637.webp 1024w, https:\/\/www.edremittarihi.com\/wp-content\/uploads\/2025\/05\/sabahattin-ali4-300x187.webp 300w, https:\/\/www.edremittarihi.com\/wp-content\/uploads\/2025\/05\/sabahattin-ali4-768x478.webp 768w, https:\/\/www.edremittarihi.com\/wp-content\/uploads\/2025\/05\/sabahattin-ali4.webp 1270w\" sizes=\"auto, (max-width: 1024px) 100vw, 1024px\" \/><\/figure>\n\n\n\n<h3 class=\"wp-block-heading\">Sabahattin Ali&#8217;nin edebi ki\u015fili\u011fi<\/h3>\n\n\n\n<p>\u015eiirlerini hece vezniyle yazan Ali, edebiyat d\u00fcnyas\u0131na \u015fiirleriyle ad\u0131m att\u0131. Halk \u015fiirinin etkisinin hissedildi\u011fi eserlerini kaleme al\u0131rken, \u00f6yk\u00fc ve romanlar\u0131nda oldu\u011fu gibi toplumsal ger\u00e7ek\u00e7ilik yakla\u015f\u0131m\u0131yla hareket eden Ali, \u015fiire yakla\u015f\u0131m\u0131n\u0131 1938&#8217;de bir s\u00f6yle\u015fide, &#8220;Bence \u015fiirin eskisi yenisi yoktur. \u0130yi \u015fiir, muhakkak ki insana bir \u015fey ilave eder. Bu \u015fey bazen tez olur, bazen bizim manen daha geni\u015flememizi temin eden bir heyecan olur.&#8221; ifadeleriyle dile getirmi\u015fti.<\/p>\n\n\n\n<p>Eserleriyle ilgili bir de\u011ferlendirmesinde, \u00f6yk\u00fc ve romanlar\u0131n\u0131 \u015fiirlerinden daha \u00e7ok be\u011fendi\u011fini aktaran yazar, 2015&#8217;te Yap\u0131 Kredi Yay\u0131nlar\u0131 taraf\u0131ndan 23. bask\u0131s\u0131 yap\u0131lan &#8220;De\u011firmen&#8221; adl\u0131 eserin \u00f6n s\u00f6z\u00fcnde \u015funlar\u0131 kaydetmi\u015fti:<\/p>\n\n\n\n<p>&#8220;\u015eiir ve \u00f6yk\u00fclerim aras\u0131nda, yazm\u0131\u015f olmaktan utanaca\u011f\u0131m kadar k\u00f6t\u00fcleri oldu\u011funu biliyorum. Bunlar\u0131n bir k\u0131sm\u0131n\u0131n \u00e7ocuk denecek bir ya\u015fta yaz\u0131lm\u0131\u015f olmalar\u0131 bence bir mazeret de\u011fildir. \u00c7\u00fcnk\u00fc bu \u00e7e\u015fit bir yaz\u0131y\u0131 bug\u00fcn herhangi bir imzan\u0131n \u00fcst\u00fcnde g\u00f6rsem sahibini \u0131slah olmaz bir zevksizlik ve tam istidats\u0131zl\u0131kla su\u00e7land\u0131rmakta teredd\u00fct etmem. Bunlar\u0131n benim sanat hayat\u0131m\u0131n geli\u015fmesini g\u00f6stermesi bak\u0131m\u0131ndan, sadece kendim i\u00e7in bir ehemmiyeti vard\u0131r ki, bu da onlar\u0131 ba\u015fkalar\u0131na okutmak i\u00e7in bir sebep olamaz.&#8221;<\/p>\n\n\n\n<p>\u015eiirlerini yazarken sade bir \u00fcslup kullanarak, daha geni\u015f bir okuyucu kitlesi hedefleyen usta edebiyat\u00e7\u0131, \u00f6yk\u00fc ve romanlar\u0131nda toplumsal ger\u00e7ek\u00e7ili\u011fi \u00f6n planda tutarak, bu do\u011frultuda konular belirledi ve hayat\u0131n i\u00e7inden karakterleri se\u00e7ti.<\/p>\n\n\n\n<p>&#8220;Benim kanaatimce sanat, insana insan\u0131 ve hayat\u0131 ve bunlar\u0131n manas\u0131n\u0131 \u00f6\u011fretmekle muvazzaft\u0131r.&#8221; s\u00f6zleriyle sanat anlay\u0131\u015f\u0131n\u0131 \u00f6zetleyen yazar, T\u00fcrk edebiyat\u0131na kazand\u0131rd\u0131\u011f\u0131 eserlerle b\u00fcy\u00fck be\u011feni toplad\u0131.<\/p>\n\n\n\n<p>Yazar Mustafa Kutlu, &#8220;Sabahattin Ali Ya\u015fam\u0131 ve Eserleri&#8221; ba\u015fl\u0131kl\u0131 Dergah Yay\u0131nlar\u0131&#8217;ndan \u00e7\u0131kan bir inceleme kitab\u0131 haz\u0131rlad\u0131.<\/p>\n\n\n\n<p>Kutlu, Sabahattin Ali&#8217;nin d\u00fcnyas\u0131n\u0131 ger\u00e7ek\u00e7ilik, romantizm, samimiyet, i\u00e7lilik-co\u015fkunluk, dengesizlik, \u00e7aresizlik, yaln\u0131zl\u0131k, d\u00fcr\u00fcstl\u00fck, ayr\u0131cal\u0131k ba\u015fl\u0131klar\u0131 alt\u0131nda tahlil etti. Usta edebiyat\u00e7\u0131n\u0131n \u015fairli\u011fi \u00fczerine Kutlu, &#8220;G\u00f6zleri sulh i\u00e7inde ya\u015fan\u0131lan, mazlumlar\u0131n seslerinin i\u015fitilmedi\u011fi bir d\u00fcnyaya a\u00e7\u0131lsayd\u0131; herhalde lirik, pastoral, co\u015fkun \u015fiirler yazard\u0131.&#8221; yorumunda bulundu.<\/p>\n\n\n\n<p>Temiz ve sade diliyle, ger\u00e7ek\u00e7ilik anlay\u0131\u015f\u0131 ve samimi duygular\u0131yla T\u00fcrk edebiyat\u0131na \u00f6nemli katk\u0131larda bulunan usta yazar\u0131n bir\u00e7ok \u00e7evirisi de bulunuyor.<\/p>\n\n\n\n<p>Kaynak \/ <strong>AA<\/strong><\/p>\n\n\n\n<hr class=\"wp-block-separator has-alpha-channel-opacity\"\/>\n\n\n\n<h2 class=\"wp-block-heading\"><strong>Edremit Belediseyesi taraf\u0131ndan yap\u0131lan<\/strong> Sabahattin Ali <strong>an\u0131 evi<\/strong><\/h2>\n\n\n\n<figure class=\"wp-block-embed is-type-video is-provider-youtube wp-block-embed-youtube wp-embed-aspect-16-9 wp-has-aspect-ratio\"><div class=\"wp-block-embed__wrapper\">\n<iframe loading=\"lazy\" title=\"Sabahattin Ali An\u0131 Evi - Kaynak Edremit Belediyesi\" width=\"780\" height=\"439\" src=\"https:\/\/www.youtube.com\/embed\/SsJxVIScExw?feature=oembed\" frameborder=\"0\" allow=\"accelerometer; autoplay; clipboard-write; encrypted-media; gyroscope; picture-in-picture; web-share\" referrerpolicy=\"strict-origin-when-cross-origin\" allowfullscreen><\/iframe>\n<\/div><\/figure>\n\n\n\n<p>Kaynak \/ <strong><em>Edremit Belediyesi<\/em><\/strong><\/p>\n\n\n\n<hr class=\"wp-block-separator has-alpha-channel-opacity\"\/>\n\n\n\n<p><strong>Sabahattin Ali An\u0131 Evi&#8217;ne <\/strong>ula\u015f\u0131m i\u00e7in a\u015fa\u011f\u0131daki haritay\u0131 kullanabilirsiniz.<\/p>\n\n\n\n<div class=\"wp-block-webfactory-map\"><div class=\"wp-block-webfactory-map\"><iframe src=\"https:\/\/www.google.com\/maps\/embed?pb=!1m18!1m12!1m3!1d3074.3287194972577!2d27.018711075440837!3d39.59727690510701!2m3!1f0!2f0!3f0!3m2!1i1024!2i768!4f13.1!3m3!1m2!1s0x14b0c83730000001%3A0xabab5d9039588318!2sSabahattin%20Ali%20An%C4%B1%20Evi!5e0!3m2!1str!2str!4v1748454998337!5m2!1str!2str\" width=\"600\" height=\"450\" style=\"border:0;\" allowfullscreen=\"\" loading=\"lazy\" referrerpolicy=\"no-referrer-when-downgrade\"><\/iframe><\/div><\/div>\n","protected":false},"excerpt":{"rendered":"<p>\u00c7a\u011fda\u015f T\u00fcrk edebiyat\u0131n\u0131n usta kalemi: Sabahattin Ali \u0130stanbul Emekli asker Cihangirli Ali Selahattin Bey ile E\u011fridereli H\u00fcsniye Han\u0131m&#8217;\u0131n o\u011flu Ali, 25 \u015eubat 1907&#8217;de Bulgaristan&#8217;da, G\u00fcm\u00fclcine Sanca\u011f\u0131&#8217;na ba\u011fl\u0131 E\u011fridere \u015fimdiki ad\u0131yla Ardino il\u00e7esinde d\u00fcnyaya geldi. Annesinin psikolojik s\u0131k\u0131nt\u0131lar\u0131, Ali&#8217;nin hayat\u0131nda derin izler olu\u015fturdu. Bu izler, Ali&#8217;nin, edebiyat d\u00fcnyas\u0131n\u0131n \u00f6nemli yap\u0131tlar\u0131 aras\u0131nda say\u0131lan eserlerinde etkisini hissettirdi. Sabahattin [&hellip;]<\/p>\n","protected":false},"author":1,"featured_media":1223,"comment_status":"closed","ping_status":"closed","sticky":false,"template":"","format":"standard","meta":{"footnotes":""},"categories":[47],"tags":[37,40,67,72,83],"class_list":["post-1236","post","type-post","status-publish","format-standard","has-post-thumbnail","hentry","category-kultur-sanat","tag-edremit","tag-kultur-sanat","tag-edremit-belediyesi","tag-edremit-tarihi","tag-sabahattin-ali"],"_links":{"self":[{"href":"https:\/\/www.edremittarihi.com\/index.php\/wp-json\/wp\/v2\/posts\/1236","targetHints":{"allow":["GET"]}}],"collection":[{"href":"https:\/\/www.edremittarihi.com\/index.php\/wp-json\/wp\/v2\/posts"}],"about":[{"href":"https:\/\/www.edremittarihi.com\/index.php\/wp-json\/wp\/v2\/types\/post"}],"author":[{"embeddable":true,"href":"https:\/\/www.edremittarihi.com\/index.php\/wp-json\/wp\/v2\/users\/1"}],"replies":[{"embeddable":true,"href":"https:\/\/www.edremittarihi.com\/index.php\/wp-json\/wp\/v2\/comments?post=1236"}],"version-history":[{"count":3,"href":"https:\/\/www.edremittarihi.com\/index.php\/wp-json\/wp\/v2\/posts\/1236\/revisions"}],"predecessor-version":[{"id":1329,"href":"https:\/\/www.edremittarihi.com\/index.php\/wp-json\/wp\/v2\/posts\/1236\/revisions\/1329"}],"wp:featuredmedia":[{"embeddable":true,"href":"https:\/\/www.edremittarihi.com\/index.php\/wp-json\/wp\/v2\/media\/1223"}],"wp:attachment":[{"href":"https:\/\/www.edremittarihi.com\/index.php\/wp-json\/wp\/v2\/media?parent=1236"}],"wp:term":[{"taxonomy":"category","embeddable":true,"href":"https:\/\/www.edremittarihi.com\/index.php\/wp-json\/wp\/v2\/categories?post=1236"},{"taxonomy":"post_tag","embeddable":true,"href":"https:\/\/www.edremittarihi.com\/index.php\/wp-json\/wp\/v2\/tags?post=1236"}],"curies":[{"name":"wp","href":"https:\/\/api.w.org\/{rel}","templated":true}]}}