{"id":1193,"date":"2025-05-02T23:22:27","date_gmt":"2025-05-02T20:22:27","guid":{"rendered":"https:\/\/www.edremittarihi.com\/?p=1193"},"modified":"2025-05-04T15:26:36","modified_gmt":"2025-05-04T12:26:36","slug":"edremit-korfezi-yesil-cizik-zeytini","status":"publish","type":"post","link":"https:\/\/www.edremittarihi.com\/index.php\/2025\/05\/02\/edremit-korfezi-yesil-cizik-zeytini\/","title":{"rendered":"Edremit K\u00f6rfezi Ye\u015fil \u00c7izik Zeytini"},"content":{"rendered":"\n<h2 class=\"wp-block-heading\">Edremit K\u00f6rfezi Ye\u015fil \u00c7izik Zeytini<\/h2>\n\n\n\n<h3 class=\"wp-block-heading\">Co\u011frafi \u0130\u015fareti<\/h3>\n\n\n\n<p><strong>Tescil No:<\/strong> 189<br><strong>Koruma Tarihi:<\/strong> 18.07.2014<br><strong>Ba\u015fvuru No:<\/strong> C2014\/047<\/p>\n\n\n\n<p><strong>Ba\u015fvuru Sahibi: Edremit Ticaret Odas\u0131<\/strong><br><strong>Ba\u015fvuru Sahibinin Adresi:<\/strong> Menderes Bulvar\u0131 No:85 Edremit\/BALIKES\u0130R<\/p>\n\n\n\n<p><strong>Co\u011frafi \u0130\u015faretin Ad\u0131: Edremit K\u00f6rfezi Ye\u015fil \u00c7izik Zeytini<\/strong><br><strong>\u00dcr\u00fcn\u00fcn Ad\u0131:<\/strong> Ye\u015fil \u00c7izik Zeytin<br><strong>Co\u011frafi \u0130\u015faretin T\u00fcr\u00fc:<\/strong> Men\u015fe Ad\u0131<br><strong>Co\u011frafi S\u0131n\u0131r\u0131:<\/strong> Bal\u0131kesir\u2019in Edremit il\u00e7esi ile Edremit K\u00f6rfezi\u2019nde yer alan Havran, Burhaniye, Ayval\u0131k ile \u00c7anakkale\u2019nin Ayvac\u0131k il\u00e7esi s\u0131n\u0131rlar\u0131 i\u00e7indeki Bababurnu\u2019ndan ba\u015flay\u0131p K\u00fc\u00e7\u00fckkuyu Beldesi\u2019ni de kapsayan b\u00f6lgede yeti\u015fir.<br><strong>Co\u011frafi \u0130\u015faretin Kaynakland\u0131\u011f\u0131 Alan:<\/strong> Edremit K\u00f6rfezi<br><strong>Kullan\u0131m Bi\u00e7imi:<\/strong> Edremit K\u00f6rfezi Ye\u015fil \u00c7izik Zeytini co\u011frafi i\u015fareti marka ile birlikte \u00fcr\u00fcn\u00fcn \u00fczerinde kullan\u0131labilecektir. \u00dcr\u00fcn\u00fcn \u00fczerinde a\u015fa\u011f\u0131daki logo da yer al\u0131r.<\/p>\n\n\n\n<p>Kaynak \/ <strong><em>Edremit Ticaret Odas\u0131<\/em><\/strong><\/p>\n\n\n\n<hr class=\"wp-block-separator has-alpha-channel-opacity\"\/>\n\n\n\n<div class=\"wp-block-group is-nowrap is-layout-flex wp-container-core-group-is-layout-ad2f72ca wp-block-group-is-layout-flex\">\n<figure class=\"wp-block-image size-full is-resized\"><img loading=\"lazy\" decoding=\"async\" width=\"420\" height=\"200\" src=\"https:\/\/www.edremittarihi.com\/wp-content\/uploads\/2025\/05\/edremit-korfezi-yesil-cizik-zeytini-logo@-420x200-2.png\" alt=\"\" class=\"wp-image-1207\" style=\"width:418px;height:auto\" srcset=\"https:\/\/www.edremittarihi.com\/wp-content\/uploads\/2025\/05\/edremit-korfezi-yesil-cizik-zeytini-logo@-420x200-2.png 420w, https:\/\/www.edremittarihi.com\/wp-content\/uploads\/2025\/05\/edremit-korfezi-yesil-cizik-zeytini-logo@-420x200-2-300x143.png 300w\" sizes=\"auto, (max-width: 420px) 100vw, 420px\" \/><\/figure>\n\n\n\n<figure class=\"wp-block-image size-full\"><img loading=\"lazy\" decoding=\"async\" width=\"450\" height=\"633\" src=\"https:\/\/www.edremittarihi.com\/wp-content\/uploads\/2025\/05\/edremit-korfezi-yesil-cizik-zeytini-belge-450x633-2.jpg\" alt=\"\" class=\"wp-image-1208\" srcset=\"https:\/\/www.edremittarihi.com\/wp-content\/uploads\/2025\/05\/edremit-korfezi-yesil-cizik-zeytini-belge-450x633-2.jpg 450w, https:\/\/www.edremittarihi.com\/wp-content\/uploads\/2025\/05\/edremit-korfezi-yesil-cizik-zeytini-belge-450x633-2-213x300.jpg 213w\" sizes=\"auto, (max-width: 450px) 100vw, 450px\" \/><\/figure>\n<\/div>\n\n\n\n<p><\/p>\n","protected":false},"excerpt":{"rendered":"<p>Edremit K\u00f6rfezi Ye\u015fil \u00c7izik Zeytini Co\u011frafi \u0130\u015fareti Tescil No: 189Koruma Tarihi: 18.07.2014Ba\u015fvuru No: C2014\/047 Ba\u015fvuru Sahibi: Edremit Ticaret Odas\u0131Ba\u015fvuru Sahibinin Adresi: Menderes Bulvar\u0131 No:85 Edremit\/BALIKES\u0130R Co\u011frafi \u0130\u015faretin Ad\u0131: Edremit K\u00f6rfezi Ye\u015fil \u00c7izik Zeytini\u00dcr\u00fcn\u00fcn Ad\u0131: Ye\u015fil \u00c7izik ZeytinCo\u011frafi \u0130\u015faretin T\u00fcr\u00fc: Men\u015fe Ad\u0131Co\u011frafi S\u0131n\u0131r\u0131: Bal\u0131kesir\u2019in Edremit il\u00e7esi ile Edremit K\u00f6rfezi\u2019nde yer alan Havran, Burhaniye, Ayval\u0131k ile \u00c7anakkale\u2019nin [&hellip;]<\/p>\n","protected":false},"author":1,"featured_media":1194,"comment_status":"closed","ping_status":"closed","sticky":false,"template":"","format":"standard","meta":{"footnotes":""},"categories":[77],"tags":[39,78,79,80,81],"class_list":["post-1193","post","type-post","status-publish","format-standard","has-post-thumbnail","hentry","category-caografi-isaretler","tag-kazdaglari","tag-edremit-korfezi","tag-yesil-cizik-zeytin","tag-edremit-ticaret-odasi","tag-cografi-isaret"],"_links":{"self":[{"href":"https:\/\/www.edremittarihi.com\/index.php\/wp-json\/wp\/v2\/posts\/1193","targetHints":{"allow":["GET"]}}],"collection":[{"href":"https:\/\/www.edremittarihi.com\/index.php\/wp-json\/wp\/v2\/posts"}],"about":[{"href":"https:\/\/www.edremittarihi.com\/index.php\/wp-json\/wp\/v2\/types\/post"}],"author":[{"embeddable":true,"href":"https:\/\/www.edremittarihi.com\/index.php\/wp-json\/wp\/v2\/users\/1"}],"replies":[{"embeddable":true,"href":"https:\/\/www.edremittarihi.com\/index.php\/wp-json\/wp\/v2\/comments?post=1193"}],"version-history":[{"count":8,"href":"https:\/\/www.edremittarihi.com\/index.php\/wp-json\/wp\/v2\/posts\/1193\/revisions"}],"predecessor-version":[{"id":1215,"href":"https:\/\/www.edremittarihi.com\/index.php\/wp-json\/wp\/v2\/posts\/1193\/revisions\/1215"}],"wp:featuredmedia":[{"embeddable":true,"href":"https:\/\/www.edremittarihi.com\/index.php\/wp-json\/wp\/v2\/media\/1194"}],"wp:attachment":[{"href":"https:\/\/www.edremittarihi.com\/index.php\/wp-json\/wp\/v2\/media?parent=1193"}],"wp:term":[{"taxonomy":"category","embeddable":true,"href":"https:\/\/www.edremittarihi.com\/index.php\/wp-json\/wp\/v2\/categories?post=1193"},{"taxonomy":"post_tag","embeddable":true,"href":"https:\/\/www.edremittarihi.com\/index.php\/wp-json\/wp\/v2\/tags?post=1193"}],"curies":[{"name":"wp","href":"https:\/\/api.w.org\/{rel}","templated":true}]}}