{"id":1175,"date":"2025-05-02T21:24:46","date_gmt":"2025-05-02T18:24:46","guid":{"rendered":"https:\/\/www.edremittarihi.com\/?p=1175"},"modified":"2025-05-28T22:33:47","modified_gmt":"2025-05-28T19:33:47","slug":"hasan-boguldu-efsanesi-ve-goleti","status":"publish","type":"post","link":"https:\/\/www.edremittarihi.com\/index.php\/2025\/05\/02\/hasan-boguldu-efsanesi-ve-goleti\/","title":{"rendered":"Hasan Bo\u011fuldu Efsanesi"},"content":{"rendered":"\n<p>Edremit pazar\u0131, \u015fimdi oldu\u011fu gibi y\u00fczy\u0131llar \u00f6nce de \u00c7ar\u015famba g\u00fcnleri kurulurdu. Etraftaki k\u00f6yl\u00fcler \u00fcr\u00fcnlerini pazara getirip satar, ihtiya\u00e7lar\u0131n\u0131 alarak k\u00f6ylerine d\u00f6nerlerdi. Zeytinli k\u00f6y\u00fcn\u00fcn yak\u0131\u015f\u0131kl\u0131 delikanl\u0131s\u0131 Hasan\u2019\u0131n babas\u0131 \u00f6lm\u00fc\u015f, anas\u0131n\u0131n ve kendisinin karn\u0131n\u0131 doyurabilmek i\u00e7in baba mesle\u011fi bah\u00e7\u0131vanl\u0131\u011f\u0131 devam ettirmekte idi. Yeti\u015ftirdi\u011fi sebze ve meyveleri, Edremit pazar\u0131na g\u00f6t\u00fcr\u00fcp sat\u0131yor, ihtiya\u00e7lar\u0131n\u0131 al\u0131p k\u00f6y\u00fcne d\u00f6n\u00fcyordu. O g\u00fcn pazar\u0131n kalabal\u0131\u011f\u0131 i\u00e7erisinde bir k\u0131z g\u00f6rm\u00fc\u015ft\u00fc, \u00e7ok g\u00fczel, al\u0131ml\u0131 bir k\u0131zd\u0131, uzun s\u00fcre g\u00f6zleri ile onu takip etti.<\/p>\n\n\n\n<p>Giysilerinden obal\u0131 oldu\u011fu anla\u015f\u0131l\u0131yordu, s\u0131rt\u0131nda heybesi bir \u015feyler satmaya u\u011fra\u015f\u0131yordu. K\u0131z\u0131 g\u00f6zden kaybetmi\u015fti fakat hayali g\u00f6z\u00fcn\u00fcn \u00f6n\u00fcnde duruyordu, evlenme \u00e7a\u011f\u0131 da gelmi\u015fti. G\u00fczel d\u00fc\u015flere dal\u0131p gitmi\u015fti. Birden, kendisine seslenildi\u011fini fark etti, kafas\u0131n\u0131 kald\u0131rd\u0131\u011f\u0131nda g\u00fczel k\u0131z\u0131 kar\u015f\u0131s\u0131nda g\u00f6rm\u00fc\u015ft\u00fc. Eli aya\u011f\u0131 birbirine dola\u015fm\u0131\u015ft\u0131, \u015fa\u015fk\u0131nl\u0131ktan ne yapaca\u011f\u0131n\u0131 \u015fa\u015f\u0131rm\u0131\u015ft\u0131. Bu halini g\u00f6ren k\u0131z g\u00fclmeye ba\u015flam\u0131\u015f, daha da g\u00fczelle\u015fmi\u015fti. Hasan kendisinden istenilenlerin en iyilerini se\u00e7ip verdi. K\u0131za kim oldu\u011funu sordu. Ad\u0131n\u0131n Emine oldu\u011funu ve Zeytinlinin \u00fcst\u00fcndeki obalarda oturduklar\u0131n\u0131 \u00f6\u011frendi. O da Hasan\u0131 fark etmi\u015fti. Her \u00c7ar\u015famba Emine peynirin ,s\u00fct\u00fcn ,yo\u011furdun,bal\u0131n en iyisini, Hasana getiriyor, Hasanda sebzenin en iyisini ona veriyordu. Pazardan, Zeytinliye kadar beraber d\u00f6n\u00fcyorlar, Zeytinliden sonra Emine obaya varabilmek i\u00e7in \u00fc\u00e7 sat daha y\u00fcr\u00fcyordu.<\/p>\n\n\n\n<p>Emine ile Hasan birbirlerini sevmi\u015fler ve evlenmeye karar vermi\u015flerdi. Hasan\u0131n annesi evine bir can yolda\u015f\u0131 gelece\u011fi i\u00e7in sevinmi\u015fti. Fakat Emine\u2019nin ailesi, obada hi\u00e7mi kendine uygun delikanl\u0131 bulamad\u0131\u011f\u0131n\u0131, oval\u0131n\u0131n obada ya\u015fayamayaca\u011f\u0131n\u0131 s\u00f6yleyerek kar\u015f\u0131 \u00e7\u0131km\u0131\u015flard\u0131. Emine \u0131srar edince, Hasan\u0131n k\u0131rk okka ( altm\u0131\u015f kilo ) tuzu s\u0131rt\u0131nda obaya \u00e7\u0131karabilirse yi\u011fitli\u011fini g\u00f6sterece\u011fini ve herkesin onu damat olarak kabul edece\u011fini s\u00f6ylemi\u015flerdi.<\/p>\n\n\n\n<p>Emine, Hasana durumu anlat\u0131r. Ba\u015fka yapacak bir \u015fey olmad\u0131\u011f\u0131n\u0131 anlayan Hasan, sevdi\u011fine kavu\u015fmak i\u00e7in tuz \u00e7uval\u0131n\u0131 s\u0131rt\u0131na al\u0131r ve yola d\u00fc\u015ferler. Bah\u00e7\u0131vanl\u0131k yapt\u0131\u011f\u0131 i\u00e7in Hasan bu t\u00fcr bir y\u00fcke al\u0131\u015fk\u0131n de\u011fildi. Beyobaya vard\u0131klar\u0131nda yorulmaya ba\u015flam\u0131\u015ft\u0131. \u015eimdiki S\u00fct\u00fcven \u015felalesine vard\u0131klar\u0131nda, yol dere i\u00e7erisinden gidiyordu, ta\u015flar\u0131n \u00fczerinden atlayarak ge\u00e7iyordu, yorulmu\u015ftu, tuz s\u0131rt\u0131n\u0131 yakmaya ba\u015flam\u0131\u015ft\u0131, daha geldikleri kadar yol vard\u0131. G\u00f6k b\u00fcvete vard\u0131klar\u0131nda g\u00fcc\u00fc t\u00fckenen Hasan, yere d\u00fc\u015fer. Emine, Hasan\u0131 y\u00fcreklendirmeye \u00e7al\u0131\u015farak gelecek iyi g\u00fcnleri anlat\u0131r, fakat Hasan kalkamaz. Emine\u2019ye buralardan ka\u00e7may\u0131, ba\u015fka yerlerde ya\u015famay\u0131 teklif eder. Emine obas\u0131na s\u00f6z vermi\u015ftir. Kendisinin bile rahatl\u0131kla ta\u015f\u0131d\u0131\u011f\u0131 \u00e7uval\u0131 ta\u015f\u0131yamayan ki\u015fiyi obaya nas\u0131l g\u00f6t\u00fcrebilirdi. Hasan\u0131n yalvarmalar\u0131na ald\u0131rmaz, \u00e7uval\u0131 omzuna alarak oban\u0131n yolunu tutar. Hasan \u201c senin obana varam\u0131yorum, kendi k\u00f6y\u00fcme de varamam, beni b\u0131rakma\u201d diye yalvar\u0131r. Emine, Hasan\u0131n sesi kulaklar\u0131nda \u00e7\u0131nlayarak yoluna devam eder. Obaya vard\u0131\u011f\u0131nda pi\u015fman olur. Geri d\u00f6nmek ister. Fakat f\u0131rt\u0131na \u00e7\u0131kar, \u015fiddetli ya\u011fmur ya\u011fmaya ba\u015flar. Ailesi bu havada onu ormana b\u0131rakmaz, sabah olunca gitmesini s\u00f6ylerler.<\/p>\n\n\n\n<p>Emine sabah\u0131 zor eder, ilk \u0131\u015f\u0131klarla, G\u00f6kb\u00fcvet\u2019e ko\u015far fakat Hasan yoktu. Zeytinliye annesine, Edremit\u2019e ko\u015far, Hasan\u0131 kimseler g\u00f6rmemi\u015fti. Hasan\u0131n sesi kulaklar\u0131nda \u00e7\u0131nlayan Emine, mecnun gibi, dere boyunca onu arar durur. Obas\u0131na da d\u00f6nmez.G\u00fcnler sonra G\u00f6kb\u00fcvet\u2019te, Hasan\u2019\u0131n g\u00f6mle\u011fini ve ona verdi\u011fi \u00e7evreyi bulur. Sana kavu\u015fmaya geliyorum Hasan\u2019\u0131m diyerek kendini G\u00f6kb\u00fcvetin ba\u015f\u0131ndaki \u00e7\u0131nara asar. O g\u00fcnden sonra G\u00f6kb\u00fcvetin ad\u0131 Hasanbo\u011fuldu, G\u00f6kb\u00fcvete bakan \u00e7\u0131nara da Emine \u00c7\u0131nar\u0131 denmektedir.<\/p>\n\n\n\n<p>Kaynak \/ <strong><em>Edremit Kaymakaml\u0131\u011f\u0131 <\/em><\/strong><\/p>\n\n\n\n<hr class=\"wp-block-separator has-alpha-channel-opacity\"\/>\n\n\n\n<figure class=\"wp-block-embed is-type-video is-provider-youtube wp-block-embed-youtube wp-embed-aspect-16-9 wp-has-aspect-ratio\"><div class=\"wp-block-embed__wrapper\">\n<iframe loading=\"lazy\" title=\"Hasan Bo\u011fuldu&#039;nun H\u00fcz\u00fcnl\u00fc Hik\u00e2yesi \ud83d\ude22\" width=\"780\" height=\"439\" src=\"https:\/\/www.youtube.com\/embed\/qkOQcbmJ1tM?feature=oembed\" frameborder=\"0\" allow=\"accelerometer; autoplay; clipboard-write; encrypted-media; gyroscope; picture-in-picture; web-share\" referrerpolicy=\"strict-origin-when-cross-origin\" allowfullscreen><\/iframe>\n<\/div><\/figure>\n\n\n\n<hr class=\"wp-block-separator has-alpha-channel-opacity\"\/>\n\n\n\n<h2 class=\"wp-block-heading\"><strong><em>Ula\u015f\u0131m i\u00e7in a\u015fa\u011f\u0131daki haritadan faydalanabilirsiniz.<\/em><\/strong><\/h2>\n\n\n\n<div class=\"wp-block-webfactory-map\"><div class=\"wp-block-webfactory-map\"><iframe src=\"https:\/\/www.google.com\/maps\/embed?pb=!1m18!1m12!1m3!1d3072.168714820909!2d26.916022275443304!3d39.64591740219361!2m3!1f0!2f0!3f0!3m2!1i1024!2i768!4f13.1!3m3!1m2!1s0x14b0c71e2c144025%3A0xfb29877dc18fbe0d!2sHasan%20Bo%C4%9Fuldu%20G%C3%B6leti!5e0!3m2!1str!2str!4v1746212156666!5m2!1str!2str\" width=\"600\" height=\"450\" style=\"border:0;\" allowfullscreen=\"\" loading=\"lazy\" referrerpolicy=\"no-referrer-when-downgrade\"><\/iframe><\/div><\/div>\n","protected":false},"excerpt":{"rendered":"<p>Edremit pazar\u0131, \u015fimdi oldu\u011fu gibi y\u00fczy\u0131llar \u00f6nce de \u00c7ar\u015famba g\u00fcnleri kurulurdu. Etraftaki k\u00f6yl\u00fcler \u00fcr\u00fcnlerini pazara getirip satar, ihtiya\u00e7lar\u0131n\u0131 alarak k\u00f6ylerine d\u00f6nerlerdi. Zeytinli k\u00f6y\u00fcn\u00fcn yak\u0131\u015f\u0131kl\u0131 delikanl\u0131s\u0131 Hasan\u2019\u0131n babas\u0131 \u00f6lm\u00fc\u015f, anas\u0131n\u0131n ve kendisinin karn\u0131n\u0131 doyurabilmek i\u00e7in baba mesle\u011fi bah\u00e7\u0131vanl\u0131\u011f\u0131 devam ettirmekte idi. Yeti\u015ftirdi\u011fi sebze ve meyveleri, Edremit pazar\u0131na g\u00f6t\u00fcr\u00fcp sat\u0131yor, ihtiya\u00e7lar\u0131n\u0131 al\u0131p k\u00f6y\u00fcne d\u00f6n\u00fcyordu. O g\u00fcn pazar\u0131n [&hellip;]<\/p>\n","protected":false},"author":1,"featured_media":1174,"comment_status":"closed","ping_status":"closed","sticky":false,"template":"","format":"standard","meta":{"footnotes":""},"categories":[52,50],"tags":[37,39,42,44,70,76],"class_list":["post-1175","post","type-post","status-publish","format-standard","has-post-thumbnail","hentry","category-dogal-guzellikler","category-efsaneler-ve-hikayeler","tag-edremit","tag-kazdaglari","tag-mitolojik-efsaneler","tag-doga-turizm","tag-gezilecek-yerler","tag-hasan-boguldu"],"_links":{"self":[{"href":"https:\/\/www.edremittarihi.com\/index.php\/wp-json\/wp\/v2\/posts\/1175","targetHints":{"allow":["GET"]}}],"collection":[{"href":"https:\/\/www.edremittarihi.com\/index.php\/wp-json\/wp\/v2\/posts"}],"about":[{"href":"https:\/\/www.edremittarihi.com\/index.php\/wp-json\/wp\/v2\/types\/post"}],"author":[{"embeddable":true,"href":"https:\/\/www.edremittarihi.com\/index.php\/wp-json\/wp\/v2\/users\/1"}],"replies":[{"embeddable":true,"href":"https:\/\/www.edremittarihi.com\/index.php\/wp-json\/wp\/v2\/comments?post=1175"}],"version-history":[{"count":11,"href":"https:\/\/www.edremittarihi.com\/index.php\/wp-json\/wp\/v2\/posts\/1175\/revisions"}],"predecessor-version":[{"id":1360,"href":"https:\/\/www.edremittarihi.com\/index.php\/wp-json\/wp\/v2\/posts\/1175\/revisions\/1360"}],"wp:featuredmedia":[{"embeddable":true,"href":"https:\/\/www.edremittarihi.com\/index.php\/wp-json\/wp\/v2\/media\/1174"}],"wp:attachment":[{"href":"https:\/\/www.edremittarihi.com\/index.php\/wp-json\/wp\/v2\/media?parent=1175"}],"wp:term":[{"taxonomy":"category","embeddable":true,"href":"https:\/\/www.edremittarihi.com\/index.php\/wp-json\/wp\/v2\/categories?post=1175"},{"taxonomy":"post_tag","embeddable":true,"href":"https:\/\/www.edremittarihi.com\/index.php\/wp-json\/wp\/v2\/tags?post=1175"}],"curies":[{"name":"wp","href":"https:\/\/api.w.org\/{rel}","templated":true}]}}